{"id":6254,"date":"2023-11-08T07:51:50","date_gmt":"2023-11-08T10:51:50","guid":{"rendered":"https:\/\/focotocantinense.com.br\/?p=6254"},"modified":"2023-11-08T07:59:08","modified_gmt":"2023-11-08T10:59:08","slug":"a-menos-de-um-ano-da-eleicao-prefeito-de-porto-nacional-se-alia-ao-partido-do-deputado-eduardo-mantoan-psdb","status":"publish","type":"post","link":"https:\/\/focotocantinense.com.br\/?p=6254","title":{"rendered":"A menos de um ano da elei\u00e7\u00e3o, prefeito de Porto Nacional se alia ao partido do deputado Eduardo Mantoan (PSDB)"},"content":{"rendered":"\n<p>A alian\u00e7a com o partido do marido da prefeita Cinthia Ribeiro, visa fortalecer a candidatura do atual prefeito \u00e0 reelei\u00e7\u00e3o<\/p>\n\n\n\n<p>De olho na corrida eleitoral municipal em 2024, o prefeito de Porto Nacional, Ronivon Maciel, firmou uma parceria que surpreendeu o cen\u00e1rio pol\u00edtico nos \u00faltimos dias. Unindo for\u00e7as com a prefeita de Palmas, Cinthia Ribeiro, o gestor portuense causou estranheza em muitos ao abra\u00e7ar sem constrangimento essa alian\u00e7a.<\/p>\n\n\n\n<p>O fato question\u00e1vel \u00e9 que at\u00e9 poucos meses atr\u00e1s, ele caminhava lado a lado com a deputada estadual, Janad Valcari, maior rival da prefeita Cinthia, e que tem uma for\u00e7a pol\u00edtica expressiva na capital.<\/p>\n\n\n\n<p>Faltando pouco menos de um ano para o pleito, os grupos come\u00e7am a tomar forma. Para buscar a reelei\u00e7\u00e3o, Ronivon Maciel est\u00e1 recalculando rotas, tendo em vista que as \u00faltimas pesquisas eleitorais feitas na cidade indicam vit\u00f3ria confort\u00e1vel do seu principal oponente na disputa, deixando desse modo pouco espa\u00e7o para a movimenta\u00e7\u00e3o de uma terceira via.<\/p>\n","protected":false},"excerpt":{"rendered":"<p>A alian\u00e7a com o partido do marido da prefeita Cinthia Ribeiro, visa fortalecer a candidatura do atual prefeito \u00e0 reelei\u00e7\u00e3o De olho na corrida eleitoral municipal em 2024, o prefeito de Porto Nacional, Ronivon Maciel, firmou uma parceria que surpreendeu o cen\u00e1rio pol\u00edtico nos \u00faltimos dias. Unindo for\u00e7as com a prefeita de Palmas, Cinthia Ribeiro, &hellip;<\/p>\n","protected":false},"author":5,"featured_media":6258,"comment_status":"open","ping_status":"open","sticky":false,"template":"","format":"standard","meta":{"footnotes":""},"categories":[1],"tags":[],"class_list":["post-6254","post","type-post","status-publish","format-standard","has-post-thumbnail","","category-sem-categoria"],"_links":{"self":[{"href":"https:\/\/focotocantinense.com.br\/index.php?rest_route=\/wp\/v2\/posts\/6254","targetHints":{"allow":["GET"]}}],"collection":[{"href":"https:\/\/focotocantinense.com.br\/index.php?rest_route=\/wp\/v2\/posts"}],"about":[{"href":"https:\/\/focotocantinense.com.br\/index.php?rest_route=\/wp\/v2\/types\/post"}],"author":[{"embeddable":true,"href":"https:\/\/focotocantinense.com.br\/index.php?rest_route=\/wp\/v2\/users\/5"}],"replies":[{"embeddable":true,"href":"https:\/\/focotocantinense.com.br\/index.php?rest_route=%2Fwp%2Fv2%2Fcomments&post=6254"}],"version-history":[{"count":1,"href":"https:\/\/focotocantinense.com.br\/index.php?rest_route=\/wp\/v2\/posts\/6254\/revisions"}],"predecessor-version":[{"id":6256,"href":"https:\/\/focotocantinense.com.br\/index.php?rest_route=\/wp\/v2\/posts\/6254\/revisions\/6256"}],"wp:featuredmedia":[{"embeddable":true,"href":"https:\/\/focotocantinense.com.br\/index.php?rest_route=\/wp\/v2\/media\/6258"}],"wp:attachment":[{"href":"https:\/\/focotocantinense.com.br\/index.php?rest_route=%2Fwp%2Fv2%2Fmedia&parent=6254"}],"wp:term":[{"taxonomy":"category","embeddable":true,"href":"https:\/\/focotocantinense.com.br\/index.php?rest_route=%2Fwp%2Fv2%2Fcategories&post=6254"},{"taxonomy":"post_tag","embeddable":true,"href":"https:\/\/focotocantinense.com.br\/index.php?rest_route=%2Fwp%2Fv2%2Ftags&post=6254"}],"curies":[{"name":"wp","href":"https:\/\/api.w.org\/{rel}","templated":true}]}}