{"id":6251,"date":"2023-11-06T08:22:13","date_gmt":"2023-11-06T11:22:13","guid":{"rendered":"https:\/\/focotocantinense.com.br\/?p=6251"},"modified":"2023-11-06T08:22:13","modified_gmt":"2023-11-06T11:22:13","slug":"deputado-federal-antonio-andrade-participa-de-inauguracao-da-loja-tocantins-borrachas-em-porto-nacional","status":"publish","type":"post","link":"https:\/\/focotocantinense.com.br\/?p=6251","title":{"rendered":"Deputado Federal Antonio Andrade participa de inaugura\u00e7\u00e3o da loja Tocantins Borrachas em Porto Nacional"},"content":{"rendered":"\n<p>O novo empreendimento chega para contribuir com o fortalecimento da economia da cidade<\/p>\n\n\n\n<p>Neste s\u00e1bado, 4 de novembro, o deputado federal Antonio Andrade (Republicanos), esteve presente na inaugura\u00e7\u00e3o da loja Tocantins Borrachas. A empresa j\u00e1 possui unidades em Palmas, Para\u00edso do Tocantins, Santa Rosa do Tocantins e agora conta com o empreendimento tamb\u00e9m na capital da cultura tocantinense, Porto Nacional.<\/p>\n\n\n\n<p>Durante sua participa\u00e7\u00e3o no evento, Antonio Andrade destacou a gera\u00e7\u00e3o de emprego e renda para Porto Nacional. \u201cFico muito contente em ver que grandes empresas est\u00e3o confiando e investindo em nosso munic\u00edpio. Essa \u00e9 uma grande conquista, tanto para os empres\u00e1rios que est\u00e3o investindo e expandindo seu neg\u00f3cio, quanto para os mun\u00edcipes que se beneficiam com a gera\u00e7\u00e3o de novas oportunidades de trabalho\u201d, frisou.<\/p>\n\n\n\n<p>Complementando sua fala, o deputado parabenizou o empres\u00e1rio Ramilson, propriet\u00e1rio da loja e ressaltou que todos tem a ganhar com a inaugura\u00e7\u00e3o da unidade em solo portuense. \u201cUma das minhas miss\u00f5es \u00e9 incentivar o empreendedorismo, facilitando a abertura de novas empresas na cidade. Pois, dessa forma Porto Nacional alcan\u00e7ar\u00e1 o desenvolvimento que tanto precisa e a popula\u00e7\u00e3o almeja\u201d, concluiu o parlamentar.<\/p>\n\n\n\n<p>Assessoria de Comunica\u00e7\u00e3o \u2013 Deputado Federal Antonio Andrade<\/p>\n","protected":false},"excerpt":{"rendered":"<p>O novo empreendimento chega para contribuir com o fortalecimento da economia da cidade Neste s\u00e1bado, 4 de novembro, o deputado federal Antonio Andrade (Republicanos), esteve presente na inaugura\u00e7\u00e3o da loja Tocantins Borrachas. A empresa j\u00e1 possui unidades em Palmas, Para\u00edso do Tocantins, Santa Rosa do Tocantins e agora conta com o empreendimento tamb\u00e9m na capital &hellip;<\/p>\n","protected":false},"author":5,"featured_media":6252,"comment_status":"open","ping_status":"open","sticky":false,"template":"","format":"standard","meta":{"footnotes":""},"categories":[1],"tags":[],"class_list":["post-6251","post","type-post","status-publish","format-standard","has-post-thumbnail","","category-sem-categoria"],"_links":{"self":[{"href":"https:\/\/focotocantinense.com.br\/index.php?rest_route=\/wp\/v2\/posts\/6251","targetHints":{"allow":["GET"]}}],"collection":[{"href":"https:\/\/focotocantinense.com.br\/index.php?rest_route=\/wp\/v2\/posts"}],"about":[{"href":"https:\/\/focotocantinense.com.br\/index.php?rest_route=\/wp\/v2\/types\/post"}],"author":[{"embeddable":true,"href":"https:\/\/focotocantinense.com.br\/index.php?rest_route=\/wp\/v2\/users\/5"}],"replies":[{"embeddable":true,"href":"https:\/\/focotocantinense.com.br\/index.php?rest_route=%2Fwp%2Fv2%2Fcomments&post=6251"}],"version-history":[{"count":1,"href":"https:\/\/focotocantinense.com.br\/index.php?rest_route=\/wp\/v2\/posts\/6251\/revisions"}],"predecessor-version":[{"id":6253,"href":"https:\/\/focotocantinense.com.br\/index.php?rest_route=\/wp\/v2\/posts\/6251\/revisions\/6253"}],"wp:featuredmedia":[{"embeddable":true,"href":"https:\/\/focotocantinense.com.br\/index.php?rest_route=\/wp\/v2\/media\/6252"}],"wp:attachment":[{"href":"https:\/\/focotocantinense.com.br\/index.php?rest_route=%2Fwp%2Fv2%2Fmedia&parent=6251"}],"wp:term":[{"taxonomy":"category","embeddable":true,"href":"https:\/\/focotocantinense.com.br\/index.php?rest_route=%2Fwp%2Fv2%2Fcategories&post=6251"},{"taxonomy":"post_tag","embeddable":true,"href":"https:\/\/focotocantinense.com.br\/index.php?rest_route=%2Fwp%2Fv2%2Ftags&post=6251"}],"curies":[{"name":"wp","href":"https:\/\/api.w.org\/{rel}","templated":true}]}}