{"id":6228,"date":"2023-11-01T16:21:53","date_gmt":"2023-11-01T19:21:53","guid":{"rendered":"https:\/\/focotocantinense.com.br\/?p=6228"},"modified":"2023-11-01T16:21:53","modified_gmt":"2023-11-01T19:21:53","slug":"mpto-obtem-condenacao-de-homem-a-18-anos-de-prisao-por-matar-adolescente-e-tentar-matar-outro","status":"publish","type":"post","link":"https:\/\/focotocantinense.com.br\/?p=6228","title":{"rendered":"MPTO obt\u00e9m condena\u00e7\u00e3o de homem a 18 anos de pris\u00e3o por matar adolescente e tentar matar outro"},"content":{"rendered":"\n<p>O Minist\u00e9rio P\u00fablico do Tocantins (MPTO) obteve, nesta ter\u00e7a-feira, 31, no Tribunal do J\u00fari da capital, a condena\u00e7\u00e3o de Elilson Gon\u00e7alves da Silva a 18 anos e quatro meses de reclus\u00e3o pelo homic\u00eddio de Ronaldo Coelho dos Santos e tentativa de homic\u00eddio contra M\u00e1rcio Bonfim Sales Ramos. Os crimes ocorreram em outubro de 2005, no setor Aureny III, regi\u00e3o sul da Capital.<\/p>\n\n\n\n<p>De acordo com a den\u00fancia criminal, o autor do homic\u00eddio foi motivado por sentimento de raiva, pelo fato de as v\u00edtimas, supostamente, terem sorrido dele dias antes, em uma sorveteria, por conta de uma deformidade em seus dentes.<\/p>\n\n\n\n<figure class=\"wp-block-gallery has-nested-images columns-default is-cropped wp-block-gallery-1 is-layout-flex wp-block-gallery-is-layout-flex\">\n<figure class=\"wp-block-image size-large\"><img loading=\"lazy\" decoding=\"async\" width=\"1024\" height=\"679\" data-id=\"6230\" src=\"https:\/\/focotocantinense.com.br\/wp-content\/uploads\/2023\/11\/6b8096c9b8b85fba2c3b0db1fb2dceb4-width-1920-1-1024x679.jpeg\" alt=\"\" class=\"wp-image-6230\" srcset=\"https:\/\/focotocantinense.com.br\/wp-content\/uploads\/2023\/11\/6b8096c9b8b85fba2c3b0db1fb2dceb4-width-1920-1-1024x679.jpeg 1024w, https:\/\/focotocantinense.com.br\/wp-content\/uploads\/2023\/11\/6b8096c9b8b85fba2c3b0db1fb2dceb4-width-1920-1-300x199.jpeg 300w, https:\/\/focotocantinense.com.br\/wp-content\/uploads\/2023\/11\/6b8096c9b8b85fba2c3b0db1fb2dceb4-width-1920-1-768x509.jpeg 768w, https:\/\/focotocantinense.com.br\/wp-content\/uploads\/2023\/11\/6b8096c9b8b85fba2c3b0db1fb2dceb4-width-1920-1-310x205.jpeg 310w, https:\/\/focotocantinense.com.br\/wp-content\/uploads\/2023\/11\/6b8096c9b8b85fba2c3b0db1fb2dceb4-width-1920-1.jpeg 1280w\" sizes=\"auto, (max-width: 1024px) 100vw, 1024px\" \/><\/figure>\n<\/figure>\n\n\n\n<p>No dia do crime, as v\u00edtimas tinham acabado de sair da escola, e estavam na mesma sorveteria quando o r\u00e9u chegou acompanhado de alguns rapazes, segurou M\u00e1rcio pela camisa e disparou: &nbsp;\u201cque neg\u00f3cio \u00e9 esse que voc\u00ea anda falando de mim?\u201d, na sequ<\/p>\n\n\n\n<p>\u00eancia tirou um rev\u00f3lver da cintura e disse \u201ceu j\u00e1 matei um, para te matar n\u00e3o custa nada\u201d.<\/p>\n\n\n\n<p>Na sequ\u00eancia, Ronaldo que estava sentado, tentou levantar e foi alvejado, vindo a \u00f3bito. Em seguida, Elielson voltou sua dire\u00e7\u00e3o a M\u00e1rcio, que j\u00e1 estava atr\u00e1s de um poste, onde foi atingido por um disparo no ombro, e s\u00f3 n\u00e3o foi alvejado com outros tiros, porque a muni\u00e7\u00e3o do rev\u00f3lver acabou.<\/p>\n\n\n\n<p>O Tribunal do J\u00fari acolheu a tese apresentada pelo Minist\u00e9rio P\u00fablico, representado no ato pelo promotor de Justi\u00e7a Argemiro Ferreira dos Santos Neto, de que o homic\u00eddio e a tentativa foram cometidos mediante uso de recurso que dificultou a defesa das v\u00edtimas.<\/p>\n\n\n\n<figure class=\"wp-block-image\"><img decoding=\"async\" src=\"http:\/\/n1to.com.br\/img\/uploads\/VINI_189.jpg\" alt=\"\"\/><\/figure>\n","protected":false},"excerpt":{"rendered":"<p>O Minist\u00e9rio P\u00fablico do Tocantins (MPTO) obteve, nesta ter\u00e7a-feira, 31, no Tribunal do J\u00fari da capital, a condena\u00e7\u00e3o de Elilson Gon\u00e7alves da Silva a 18 anos e quatro meses de reclus\u00e3o pelo homic\u00eddio de Ronaldo Coelho dos Santos e tentativa de homic\u00eddio contra M\u00e1rcio Bonfim Sales Ramos. Os crimes ocorreram em outubro de 2005, no &hellip;<\/p>\n","protected":false},"author":5,"featured_media":6229,"comment_status":"open","ping_status":"open","sticky":false,"template":"","format":"standard","meta":{"footnotes":""},"categories":[39],"tags":[],"class_list":["post-6228","post","type-post","status-publish","format-standard","has-post-thumbnail","","category-estado"],"_links":{"self":[{"href":"https:\/\/focotocantinense.com.br\/index.php?rest_route=\/wp\/v2\/posts\/6228","targetHints":{"allow":["GET"]}}],"collection":[{"href":"https:\/\/focotocantinense.com.br\/index.php?rest_route=\/wp\/v2\/posts"}],"about":[{"href":"https:\/\/focotocantinense.com.br\/index.php?rest_route=\/wp\/v2\/types\/post"}],"author":[{"embeddable":true,"href":"https:\/\/focotocantinense.com.br\/index.php?rest_route=\/wp\/v2\/users\/5"}],"replies":[{"embeddable":true,"href":"https:\/\/focotocantinense.com.br\/index.php?rest_route=%2Fwp%2Fv2%2Fcomments&post=6228"}],"version-history":[{"count":1,"href":"https:\/\/focotocantinense.com.br\/index.php?rest_route=\/wp\/v2\/posts\/6228\/revisions"}],"predecessor-version":[{"id":6231,"href":"https:\/\/focotocantinense.com.br\/index.php?rest_route=\/wp\/v2\/posts\/6228\/revisions\/6231"}],"wp:featuredmedia":[{"embeddable":true,"href":"https:\/\/focotocantinense.com.br\/index.php?rest_route=\/wp\/v2\/media\/6229"}],"wp:attachment":[{"href":"https:\/\/focotocantinense.com.br\/index.php?rest_route=%2Fwp%2Fv2%2Fmedia&parent=6228"}],"wp:term":[{"taxonomy":"category","embeddable":true,"href":"https:\/\/focotocantinense.com.br\/index.php?rest_route=%2Fwp%2Fv2%2Fcategories&post=6228"},{"taxonomy":"post_tag","embeddable":true,"href":"https:\/\/focotocantinense.com.br\/index.php?rest_route=%2Fwp%2Fv2%2Ftags&post=6228"}],"curies":[{"name":"wp","href":"https:\/\/api.w.org\/{rel}","templated":true}]}}