{"id":6224,"date":"2023-11-01T16:04:09","date_gmt":"2023-11-01T19:04:09","guid":{"rendered":"https:\/\/focotocantinense.com.br\/?p=6224"},"modified":"2023-11-01T16:04:44","modified_gmt":"2023-11-01T19:04:44","slug":"governador-wanderlei-barbosa-decreta-ponto-facultativo-nesta-sexta-feira-3-de-novembro","status":"publish","type":"post","link":"https:\/\/focotocantinense.com.br\/?p=6224","title":{"rendered":"Governador Wanderlei Barbosa decreta ponto facultativo nesta sexta-feira, 3 de novembro"},"content":{"rendered":"\n<p>O governador Wanderlei Barbosa, por meio do Decreto n\u00ba 6.690, que ser\u00e1 publicado nesta quarta-feira, 1\u00ba de novembro, no Di\u00e1rio Oficial do Estado (DOE), concede ponto facultativo para os servidores p\u00fablicos estaduais nesta sexta-feira, 3. Vale ressaltar que no dia 2 de novembro \u00e9 feriado nacional, Dia de Finados.&nbsp;<\/p>\n\n\n\n<p>Segundo o decreto, \u00e9 dever dos dirigentes dos \u00f3rg\u00e3os e entidades estaduais&nbsp;do Governo do Tocantins garantirem que os servi\u00e7os essenciais em suas \u00e1reas continuem funcionando normalmente. Os \u00f3rg\u00e3os do Poder Executivo Estadual voltam a funcionar normalmente na segunda-feira, dia 6.<\/p>\n\n\n\n<figure class=\"wp-block-image size-large is-resized\"><img loading=\"lazy\" decoding=\"async\" width=\"1024\" height=\"585\" src=\"https:\/\/focotocantinense.com.br\/wp-content\/uploads\/2023\/11\/AAAA-2-1024x585.jpg\" alt=\"\" class=\"wp-image-6225\" style=\"aspect-ratio:1.7504273504273504;width:406px;height:auto\" srcset=\"https:\/\/focotocantinense.com.br\/wp-content\/uploads\/2023\/11\/AAAA-2-1024x585.jpg 1024w, https:\/\/focotocantinense.com.br\/wp-content\/uploads\/2023\/11\/AAAA-2-300x171.jpg 300w, https:\/\/focotocantinense.com.br\/wp-content\/uploads\/2023\/11\/AAAA-2-768x439.jpg 768w, https:\/\/focotocantinense.com.br\/wp-content\/uploads\/2023\/11\/AAAA-2-1536x878.jpg 1536w, https:\/\/focotocantinense.com.br\/wp-content\/uploads\/2023\/11\/AAAA-2-2048x1170.jpg 2048w\" sizes=\"auto, (max-width: 1024px) 100vw, 1024px\" \/><\/figure>\n\n\n\n<p><\/p>\n\n\n\n<p><\/p>\n\n\n\n<p><\/p>\n\n\n\n<p><img loading=\"lazy\" decoding=\"async\" width=\"640\" height=\"193\" src=\"http:\/\/n1to.com.br\/img\/uploads\/VINI_187.jpg\"><\/p>\n","protected":false},"excerpt":{"rendered":"<p>O governador Wanderlei Barbosa, por meio do Decreto n\u00ba 6.690, que ser\u00e1 publicado nesta quarta-feira, 1\u00ba de novembro, no Di\u00e1rio Oficial do Estado (DOE), concede ponto facultativo para os servidores p\u00fablicos estaduais nesta sexta-feira, 3. Vale ressaltar que no dia 2 de novembro \u00e9 feriado nacional, Dia de Finados.&nbsp; Segundo o decreto, \u00e9 dever dos &hellip;<\/p>\n","protected":false},"author":5,"featured_media":6225,"comment_status":"open","ping_status":"open","sticky":false,"template":"","format":"standard","meta":{"footnotes":""},"categories":[39],"tags":[],"class_list":["post-6224","post","type-post","status-publish","format-standard","has-post-thumbnail","","category-estado"],"_links":{"self":[{"href":"https:\/\/focotocantinense.com.br\/index.php?rest_route=\/wp\/v2\/posts\/6224","targetHints":{"allow":["GET"]}}],"collection":[{"href":"https:\/\/focotocantinense.com.br\/index.php?rest_route=\/wp\/v2\/posts"}],"about":[{"href":"https:\/\/focotocantinense.com.br\/index.php?rest_route=\/wp\/v2\/types\/post"}],"author":[{"embeddable":true,"href":"https:\/\/focotocantinense.com.br\/index.php?rest_route=\/wp\/v2\/users\/5"}],"replies":[{"embeddable":true,"href":"https:\/\/focotocantinense.com.br\/index.php?rest_route=%2Fwp%2Fv2%2Fcomments&post=6224"}],"version-history":[{"count":2,"href":"https:\/\/focotocantinense.com.br\/index.php?rest_route=\/wp\/v2\/posts\/6224\/revisions"}],"predecessor-version":[{"id":6227,"href":"https:\/\/focotocantinense.com.br\/index.php?rest_route=\/wp\/v2\/posts\/6224\/revisions\/6227"}],"wp:featuredmedia":[{"embeddable":true,"href":"https:\/\/focotocantinense.com.br\/index.php?rest_route=\/wp\/v2\/media\/6225"}],"wp:attachment":[{"href":"https:\/\/focotocantinense.com.br\/index.php?rest_route=%2Fwp%2Fv2%2Fmedia&parent=6224"}],"wp:term":[{"taxonomy":"category","embeddable":true,"href":"https:\/\/focotocantinense.com.br\/index.php?rest_route=%2Fwp%2Fv2%2Fcategories&post=6224"},{"taxonomy":"post_tag","embeddable":true,"href":"https:\/\/focotocantinense.com.br\/index.php?rest_route=%2Fwp%2Fv2%2Ftags&post=6224"}],"curies":[{"name":"wp","href":"https:\/\/api.w.org\/{rel}","templated":true}]}}