{"id":6215,"date":"2023-11-01T15:34:10","date_gmt":"2023-11-01T18:34:10","guid":{"rendered":"https:\/\/focotocantinense.com.br\/?p=6215"},"modified":"2023-11-01T15:38:39","modified_gmt":"2023-11-01T18:38:39","slug":"prefeitura-de-gurupi-e-governo-do-estado-realizarao-dois-dias-de-shows-em-comemoracao-aos-65-anos-da-cidade","status":"publish","type":"post","link":"https:\/\/focotocantinense.com.br\/?p=6215","title":{"rendered":"Prefeitura de Gurupi e Governo do Estado realizar\u00e3o dois dias de shows em comemora\u00e7\u00e3o aos 65 anos da cidade"},"content":{"rendered":"\n<p>Gurupi completar\u00e1 65 anos de emancipa\u00e7\u00e3o pol\u00edtica no dia 14 de novembro e uma grande festa est\u00e1 sendo preparada para celebrar a data. Ser\u00e3o dois dias de shows gratuitos para a popula\u00e7\u00e3o. O evento \u00e9 uma realiza\u00e7\u00e3o da Prefeitura de Gurupi e do Governo do Tocantins, com o apoio dos deputados estaduais Gutierres Torquato, Eduardo Fortes e Claudia L\u00e9lis, que solicitaram e tiveram autorizados pelo governador Wanderlei Barbosa, os recursos para a contrata\u00e7\u00e3o dos shows. A Prefeitura de Gurupi ficar\u00e1 respons\u00e1vel pela estrutura dos dois dias de eventos.<\/p>\n\n\n\n<p>Os shows acontecer\u00e3o no palco que ser\u00e1 montado na Avenida Par\u00e1, pr\u00f3ximo \u00e0 sede da Funda\u00e7\u00e3o UnirG, mesmo local onde \u00e9 realizado h\u00e1 v\u00e1rios anos o Carnaval de Gurupi. Os dois dias de shows ter\u00e3o in\u00edcio no dia 13 de novembro, v\u00e9spera do anivers\u00e1rio de Gurupi, e as atra\u00e7\u00f5es da primeira noite ser\u00e3o: L\u00e9o Magalh\u00e3es, Guilherme Silva e Neg\u00e3o Chandon (shows viabilizados pelo deputado Gutierres Torquato).&nbsp; J\u00e1 no dia 14, as atra\u00e7\u00f5es musicais s\u00e3o as seguintes:&nbsp; Flaguim Moral; Cleiton Farias &amp; Forr\u00f3 da Espora e DJ L\u00e9lis.<\/p>\n\n\n\n<p>\u201cFaremos uma grande festa \u00e0 altura do anivers\u00e1rio de Gurupi. Quero agradecer ao governador Wanderlei Barbosa e ao vice-governador Laurez Moreira, e tamb\u00e9m aos deputados estaduais&nbsp;&nbsp; por oportunizarem esse grandioso evento para Gurupi. Os shows v\u00e3o fechar com chave de ouro uma programa\u00e7\u00e3o recheada de entregas de obras para a nossa popula\u00e7\u00e3o, que faremos nos pr\u00f3ximos dias\u201d, disse a prefeita Josi Nunes.<\/p>\n\n\n\n<p>Al\u00e9m dos shows musicais, a Prefeitura de Gurupi est\u00e1 programando uma s\u00e9rie de entregas de obras e benef\u00edcios como parte da programa\u00e7\u00e3o do anivers\u00e1rio de Gurupi. Os eventos j\u00e1 iniciaram no s\u00e1bado, dia 28, com a realiza\u00e7\u00e3o da corrida do Servidor e se ser\u00e3o encerrados no dia 18 de novembro, com um casamento comunit\u00e1rio.<\/p>\n\n\n\n<figure class=\"wp-block-image size-full\"><img loading=\"lazy\" decoding=\"async\" width=\"546\" height=\"407\" src=\"https:\/\/focotocantinense.com.br\/wp-content\/uploads\/2023\/11\/AAAA-1.jpg\" alt=\"\" class=\"wp-image-6222\" srcset=\"https:\/\/focotocantinense.com.br\/wp-content\/uploads\/2023\/11\/AAAA-1.jpg 546w, https:\/\/focotocantinense.com.br\/wp-content\/uploads\/2023\/11\/AAAA-1-300x224.jpg 300w\" sizes=\"auto, (max-width: 546px) 100vw, 546px\" \/><\/figure>\n\n\n\n<p><\/p>\n\n\n\n<p><strong>Apoio dos Deputados<\/strong><\/p>\n\n\n\n<p>\u201cTenho certeza que essa parceria com a Prefeitura Municipal de Gurupi nos permitir\u00e1 fazer uma grande festa, respeitando a celebra\u00e7\u00e3o dos 65 anos de idade da cidade de Gurupi, por toda a sua hist\u00f3ria, por toda a sua import\u00e2ncia para o Estado do Tocantins\u201d, avaliou o deputado Gutierres Torquato.<\/p>\n\n\n\n<p>\u201cFiz gest\u00e3o junto ao Governo e consegui a libera\u00e7\u00e3o de recursos para as comemora\u00e7\u00f5es do anivers\u00e1rio da cidade de Gurupi. Cidade que amo e que, como cidad\u00e3o e pol\u00edtico, trabalho pelo seu crescimento e desenvolvimento\u201d, disse o deputado Eduardo Fortes.<\/p>\n\n\n\n<p>\u201cEsses eventos culturais n\u00e3o apenas proporcionam entretenimento, mas tamb\u00e9m injetam dinheiro na comunidade local. O aumento do turismo gerado pelos shows resulta em maior demanda por servi\u00e7os locais, como hot\u00e9is, restaurantes e com\u00e9rcio, fortalecendo a economia municipal. Parabenizo o Governador Wanderlei por incentivar esses eventos e a prefeita Josi Nunes e toda popula\u00e7\u00e3o Gurupiense pelo anivers\u00e1rio\u201d, afirmou a deputada Claudia Lelis.<\/p>\n\n\n\n<p>Os tr\u00eas parlamentares confirmaram presen\u00e7a e estar\u00e3o ao lado da prefeita Josi Nunes, vereadores e popula\u00e7\u00e3o nas festividades do anivers\u00e1rio de Gurupi.<\/p>\n\n\n\n<figure class=\"wp-block-image size-full\"><img loading=\"lazy\" decoding=\"async\" width=\"548\" height=\"401\" src=\"https:\/\/focotocantinense.com.br\/wp-content\/uploads\/2023\/11\/bbbb.jpg\" alt=\"\" class=\"wp-image-6219\" srcset=\"https:\/\/focotocantinense.com.br\/wp-content\/uploads\/2023\/11\/bbbb.jpg 548w, https:\/\/focotocantinense.com.br\/wp-content\/uploads\/2023\/11\/bbbb-300x220.jpg 300w\" sizes=\"auto, (max-width: 548px) 100vw, 548px\" \/><\/figure>\n\n\n\n<p><strong>Servi\u00e7o:<\/strong><\/p>\n\n\n\n<p>O que: Shows do Anivers\u00e1rio de Gurupi, 65 anos<\/p>\n\n\n\n<p>Dias 13 e 14 de novembro<\/p>\n\n\n\n<p>Local: Avenida Par\u00e1, pr\u00f3ximo \u00e0 sede da Funda\u00e7\u00e3o Unirg<\/p>\n\n\n\n<p>Hor\u00e1rio:&nbsp; 21h<\/p>\n\n\n\n<p><strong>Dia 13<\/strong><\/p>\n\n\n\n<p>L\u00e9o Magalh\u00e3es<\/p>\n\n\n\n<p>Guilherme Silva<\/p>\n\n\n\n<p>Neg\u00e3o Chandon<\/p>\n\n\n\n<p><strong>Dia 14<\/strong><\/p>\n\n\n\n<p>Flaguim Moral<\/p>\n\n\n\n<p>Cleiton Farias Forr\u00f3 da Espora<\/p>\n\n\n\n<p>DJ L\u00e9lis&nbsp;<\/p>\n\n\n\n<figure class=\"wp-block-image\"><img decoding=\"async\" src=\"http:\/\/n1to.com.br\/img\/uploads\/VINI_186.jpg\" alt=\"\"\/><\/figure>\n","protected":false},"excerpt":{"rendered":"<p>Gurupi completar\u00e1 65 anos de emancipa\u00e7\u00e3o pol\u00edtica no dia 14 de novembro e uma grande festa est\u00e1 sendo preparada para celebrar a data. Ser\u00e3o dois dias de shows gratuitos para a popula\u00e7\u00e3o. O evento \u00e9 uma realiza\u00e7\u00e3o da Prefeitura de Gurupi e do Governo do Tocantins, com o apoio dos deputados estaduais Gutierres Torquato, Eduardo &hellip;<\/p>\n","protected":false},"author":5,"featured_media":6216,"comment_status":"open","ping_status":"open","sticky":false,"template":"","format":"standard","meta":{"footnotes":""},"categories":[38],"tags":[],"class_list":["post-6215","post","type-post","status-publish","format-standard","has-post-thumbnail","","category-gurupi"],"_links":{"self":[{"href":"https:\/\/focotocantinense.com.br\/index.php?rest_route=\/wp\/v2\/posts\/6215","targetHints":{"allow":["GET"]}}],"collection":[{"href":"https:\/\/focotocantinense.com.br\/index.php?rest_route=\/wp\/v2\/posts"}],"about":[{"href":"https:\/\/focotocantinense.com.br\/index.php?rest_route=\/wp\/v2\/types\/post"}],"author":[{"embeddable":true,"href":"https:\/\/focotocantinense.com.br\/index.php?rest_route=\/wp\/v2\/users\/5"}],"replies":[{"embeddable":true,"href":"https:\/\/focotocantinense.com.br\/index.php?rest_route=%2Fwp%2Fv2%2Fcomments&post=6215"}],"version-history":[{"count":3,"href":"https:\/\/focotocantinense.com.br\/index.php?rest_route=\/wp\/v2\/posts\/6215\/revisions"}],"predecessor-version":[{"id":6223,"href":"https:\/\/focotocantinense.com.br\/index.php?rest_route=\/wp\/v2\/posts\/6215\/revisions\/6223"}],"wp:featuredmedia":[{"embeddable":true,"href":"https:\/\/focotocantinense.com.br\/index.php?rest_route=\/wp\/v2\/media\/6216"}],"wp:attachment":[{"href":"https:\/\/focotocantinense.com.br\/index.php?rest_route=%2Fwp%2Fv2%2Fmedia&parent=6215"}],"wp:term":[{"taxonomy":"category","embeddable":true,"href":"https:\/\/focotocantinense.com.br\/index.php?rest_route=%2Fwp%2Fv2%2Fcategories&post=6215"},{"taxonomy":"post_tag","embeddable":true,"href":"https:\/\/focotocantinense.com.br\/index.php?rest_route=%2Fwp%2Fv2%2Ftags&post=6215"}],"curies":[{"name":"wp","href":"https:\/\/api.w.org\/{rel}","templated":true}]}}