{"id":6209,"date":"2023-10-31T15:18:08","date_gmt":"2023-10-31T18:18:08","guid":{"rendered":"https:\/\/focotocantinense.com.br\/?p=6209"},"modified":"2023-10-31T15:19:19","modified_gmt":"2023-10-31T18:19:19","slug":"gestao-municipal-de-formoso-do-araguaia-anuncia-realizacao-de-concurso-publico-transparente-para-atender-demandas-educacionais","status":"publish","type":"post","link":"https:\/\/focotocantinense.com.br\/?p=6209","title":{"rendered":"Gest\u00e3o Municipal de Formoso do Araguaia anuncia realiza\u00e7\u00e3o de concurso p\u00fablico transparente para atender demandas educacionais"},"content":{"rendered":"\n<p><strong>Por Jonas Amaral<\/strong><\/p>\n\n\n\n<p>A Gest\u00e3o Municipal de Formoso do Araguaia est\u00e1 empenhada em atender as crescentes demandas do quadro de servidores da educa\u00e7\u00e3o, reconhecendo a necessidade de realizar um concurso p\u00fablico para suprir essas necessidades de maneira justa e transparente.<\/p>\n\n\n\n<p>Nesse contexto, a gest\u00e3o j\u00e1 deu um passo importante ao anunciar a contrata\u00e7\u00e3o da empresa respons\u00e1vel por conduzir todo o processo da realiza\u00e7\u00e3o do concurso. O presidente da Comiss\u00e3o Organizadora do Concurso, Maur\u00edcio Pereira Luz, reafirma o compromisso da gest\u00e3o municipal com a transpar\u00eancia, garantindo que todas as etapas do certame ser\u00e3o conduzidas de maneira exemplar.<\/p>\n\n\n\n<figure class=\"wp-block-image size-large is-resized\"><img loading=\"lazy\" decoding=\"async\" width=\"1024\" height=\"462\" src=\"https:\/\/focotocantinense.com.br\/wp-content\/uploads\/2023\/10\/Sem-titulo-1-1024x462.jpg\" alt=\"\" class=\"wp-image-6210\" style=\"aspect-ratio:2.2164502164502164;width:396px;height:auto\" srcset=\"https:\/\/focotocantinense.com.br\/wp-content\/uploads\/2023\/10\/Sem-titulo-1-1024x462.jpg 1024w, https:\/\/focotocantinense.com.br\/wp-content\/uploads\/2023\/10\/Sem-titulo-1-300x135.jpg 300w, https:\/\/focotocantinense.com.br\/wp-content\/uploads\/2023\/10\/Sem-titulo-1-768x347.jpg 768w, https:\/\/focotocantinense.com.br\/wp-content\/uploads\/2023\/10\/Sem-titulo-1.jpg 1178w\" sizes=\"auto, (max-width: 1024px) 100vw, 1024px\" \/><\/figure>\n\n\n\n<p><\/p>\n\n\n\n<p><strong><em>Transpar\u00eancia e sem \u00f4nus para o munic\u00edpio<\/em><\/strong><\/p>\n\n\n\n<p>O presidente da Comiss\u00e3o Organizadora do Concurso ressaltou que a lisura e transpar\u00eancia t\u00eam sido prioridades desde o in\u00edcio do processo. Ele enfatiza que, apesar do valor informado no extrato do contrato, as regras s\u00e3o claras no sentido de que a municipalidade n\u00e3o ter\u00e1 \u00f4nus com essa contrata\u00e7\u00e3o.<\/p>\n\n\n\n<p>O valor arrecadado com as inscri\u00e7\u00f5es dos candidatos ser\u00e1 utilizado para cobrir todas as despesas relacionadas ao concurso.<\/p>\n\n\n\n<p>Uma caracter\u00edstica not\u00e1vel desse acordo \u00e9 que a empresa contratada ofereceu um benef\u00edcio adicional. Caso o n\u00famero de inscritos n\u00e3o atinja a previs\u00e3o inicial de 5.800 participantes, n\u00e3o ser\u00e1 necess\u00e1rio realizar uma complementa\u00e7\u00e3o dos valores por parte do munic\u00edpio. No entanto, se o n\u00famero de inscritos exceder essa expectativa, os recursos adicionais ser\u00e3o destinados ao Munic\u00edpio.<\/p>\n\n\n\n<p><strong><em>Compromisso com a qualidade<\/em><\/strong><\/p>\n\n\n\n<p>O presidente da Comiss\u00e3o destaca o compromisso da Gest\u00e3o Municipal em realizar um concurso transparente, justo e s\u00e9rio. Ele ousa a dizer que este ser\u00e1 o melhor concurso j\u00e1 realizado na cidade, respeitando os concursos anteriores. Al\u00e9m disso, ele promete que, assim que o edital for lan\u00e7ado, a informa\u00e7\u00e3o ser\u00e1 disponibilizada em primeira m\u00e3o para todos os interessados.<\/p>\n\n\n\n<p>Essa iniciativa da Gest\u00e3o Municipal de Formoso do Araguaia representa um passo significativo na busca por atender as demandas da \u00e1rea educacional de maneira transparente e respons\u00e1vel. Com a garantia de transpar\u00eancia e o compromisso com a qualidade, a comunidade educacional da cidade tem raz\u00f5es para aguardar com expectativa a realiza\u00e7\u00e3o desse importante concurso p\u00fablico.<\/p>\n\n\n\n<figure class=\"wp-block-image\"><img decoding=\"async\" src=\"http:\/\/n1to.com.br\/img\/uploads\/VINI_184.jpg\" alt=\"\"\/><\/figure>\n","protected":false},"excerpt":{"rendered":"<p>Por Jonas Amaral A Gest\u00e3o Municipal de Formoso do Araguaia est\u00e1 empenhada em atender as crescentes demandas do quadro de servidores da educa\u00e7\u00e3o, reconhecendo a necessidade de realizar um concurso p\u00fablico para suprir essas necessidades de maneira justa e transparente. Nesse contexto, a gest\u00e3o j\u00e1 deu um passo importante ao anunciar a contrata\u00e7\u00e3o da empresa &hellip;<\/p>\n","protected":false},"author":5,"featured_media":6210,"comment_status":"open","ping_status":"open","sticky":false,"template":"","format":"standard","meta":{"footnotes":""},"categories":[51],"tags":[],"class_list":["post-6209","post","type-post","status-publish","format-standard","has-post-thumbnail","","category-formoso-do-araguaia"],"_links":{"self":[{"href":"https:\/\/focotocantinense.com.br\/index.php?rest_route=\/wp\/v2\/posts\/6209","targetHints":{"allow":["GET"]}}],"collection":[{"href":"https:\/\/focotocantinense.com.br\/index.php?rest_route=\/wp\/v2\/posts"}],"about":[{"href":"https:\/\/focotocantinense.com.br\/index.php?rest_route=\/wp\/v2\/types\/post"}],"author":[{"embeddable":true,"href":"https:\/\/focotocantinense.com.br\/index.php?rest_route=\/wp\/v2\/users\/5"}],"replies":[{"embeddable":true,"href":"https:\/\/focotocantinense.com.br\/index.php?rest_route=%2Fwp%2Fv2%2Fcomments&post=6209"}],"version-history":[{"count":4,"href":"https:\/\/focotocantinense.com.br\/index.php?rest_route=\/wp\/v2\/posts\/6209\/revisions"}],"predecessor-version":[{"id":6214,"href":"https:\/\/focotocantinense.com.br\/index.php?rest_route=\/wp\/v2\/posts\/6209\/revisions\/6214"}],"wp:featuredmedia":[{"embeddable":true,"href":"https:\/\/focotocantinense.com.br\/index.php?rest_route=\/wp\/v2\/media\/6210"}],"wp:attachment":[{"href":"https:\/\/focotocantinense.com.br\/index.php?rest_route=%2Fwp%2Fv2%2Fmedia&parent=6209"}],"wp:term":[{"taxonomy":"category","embeddable":true,"href":"https:\/\/focotocantinense.com.br\/index.php?rest_route=%2Fwp%2Fv2%2Fcategories&post=6209"},{"taxonomy":"post_tag","embeddable":true,"href":"https:\/\/focotocantinense.com.br\/index.php?rest_route=%2Fwp%2Fv2%2Ftags&post=6209"}],"curies":[{"name":"wp","href":"https:\/\/api.w.org\/{rel}","templated":true}]}}