{"id":6189,"date":"2023-10-25T17:08:12","date_gmt":"2023-10-25T20:08:12","guid":{"rendered":"https:\/\/focotocantinense.com.br\/?p=6189"},"modified":"2023-10-25T17:12:23","modified_gmt":"2023-10-25T20:12:23","slug":"universidade-da-maturidade-recebe-o-premio-darcy-ribeiro-de-educacao-2023","status":"publish","type":"post","link":"https:\/\/focotocantinense.com.br\/?p=6189","title":{"rendered":"Universidade da Maturidade recebe o Pr\u00eamio Darcy Ribeiro de Educa\u00e7\u00e3o 2023"},"content":{"rendered":"\n<p>A Universidade da Maturidade (UMA), da Universidade Federal do Tocantins (UFT), recebeu nesta ter\u00e7a-feira, 24, o Pr\u00eamio Darcy Ribeiro de Educa\u00e7\u00e3o 2023, em cerim\u00f4nia realizada no Sal\u00e3o Nobre da C\u00e2mara dos Deputados, em Bras\u00edlia (DF). O pr\u00eamio, que \u00e9 promovido pela Comiss\u00e3o de Educa\u00e7\u00e3o, \u00e9 considerado um dos mais importantes do Brasil e consiste na concess\u00e3o de medalha e diploma de men\u00e7\u00e3o honrosa a entidades cujos trabalhos ou a\u00e7\u00f5es mereceram especial destaque na defesa e promo\u00e7\u00e3o da educa\u00e7\u00e3o no Brasil.<\/p>\n\n\n\n<p>O coordenador da UMA, Luiz Sin\u00e9sio Neto, destacou a import\u00e2ncia da honraria. \u201cEsse pr\u00eamio representa a for\u00e7a, a coragem, a determina\u00e7\u00e3o e a import\u00e2ncia da integra\u00e7\u00e3o social, da mobiliza\u00e7\u00e3o social, da tecnologia social da Universidade da Maturidade nessa experi\u00eancia h\u00e1 17 anos. Esse reconhecimento refor\u00e7a e d\u00e1 esperan\u00e7a de continuarmos trilhando os caminhos delineados com muito carinho, com muita emo\u00e7\u00e3o, de forma afetiva, t\u00e9cnica, humanista, pensando que a educa\u00e7\u00e3o \u00e9 um direito de todas as idades\u201d, afirmou.<\/p>\n\n\n\n<figure class=\"wp-block-image size-large is-resized\"><img loading=\"lazy\" decoding=\"async\" width=\"770\" height=\"1024\" src=\"https:\/\/focotocantinense.com.br\/wp-content\/uploads\/2023\/10\/fffff-1-770x1024.jpg\" alt=\"\" class=\"wp-image-6191\" style=\"aspect-ratio:0.751953125;width:397px;height:auto\" srcset=\"https:\/\/focotocantinense.com.br\/wp-content\/uploads\/2023\/10\/fffff-1-770x1024.jpg 770w, https:\/\/focotocantinense.com.br\/wp-content\/uploads\/2023\/10\/fffff-1-225x300.jpg 225w, https:\/\/focotocantinense.com.br\/wp-content\/uploads\/2023\/10\/fffff-1-768x1022.jpg 768w, https:\/\/focotocantinense.com.br\/wp-content\/uploads\/2023\/10\/fffff-1.jpg 962w\" sizes=\"auto, (max-width: 770px) 100vw, 770px\" \/><\/figure>\n\n\n\n<p><\/p>\n\n\n\n<p>A UMA concorreu por indica\u00e7\u00e3o do deputado federal Ricardo Ayres, que ressaltou o papel do projeto. \u201cA UMA \u00e9 premiada pelo seu papel significativo na educa\u00e7\u00e3o brasileira e por exemplificar nosso compromisso em ampliar a qualidade de vida dos idosos por meio de iniciativas inovadoras. Com essa indica\u00e7\u00e3o, endossamos um projeto pioneiro que merece ser disseminado pelo Brasil. Assumo o compromisso de fortalecer ainda mais este movimento\u201d.<\/p>\n\n\n\n<p><\/p>\n\n\n\n<figure class=\"wp-block-image size-large\"><img loading=\"lazy\" decoding=\"async\" width=\"1024\" height=\"768\" src=\"https:\/\/focotocantinense.com.br\/wp-content\/uploads\/2023\/10\/\u00b4PRINCIPAL-DA-UMA-1-1024x768.jpg\" alt=\"\" class=\"wp-image-6194\" srcset=\"https:\/\/focotocantinense.com.br\/wp-content\/uploads\/2023\/10\/\u00b4PRINCIPAL-DA-UMA-1-1024x768.jpg 1024w, https:\/\/focotocantinense.com.br\/wp-content\/uploads\/2023\/10\/\u00b4PRINCIPAL-DA-UMA-1-300x225.jpg 300w, https:\/\/focotocantinense.com.br\/wp-content\/uploads\/2023\/10\/\u00b4PRINCIPAL-DA-UMA-1-768x576.jpg 768w, https:\/\/focotocantinense.com.br\/wp-content\/uploads\/2023\/10\/\u00b4PRINCIPAL-DA-UMA-1-1536x1152.jpg 1536w, https:\/\/focotocantinense.com.br\/wp-content\/uploads\/2023\/10\/\u00b4PRINCIPAL-DA-UMA-1.jpg 1600w\" sizes=\"auto, (max-width: 1024px) 100vw, 1024px\" \/><\/figure>\n\n\n\n<p><\/p>\n\n\n\n<p>Do Tocantins, al\u00e9m dos coordenadores da UMA, Dra. Neila Os\u00f3rio e Dr. Luiz Sin\u00e9sio e dos acad\u00eamicos de todos os polos, tamb\u00e9m estiveram presentes na cerim\u00f4nia a primeira-dama, Karynne Sotero; os senadores, Professora Dorinha Seabra e Eduardo Gomes; os deputados federais, Ricardo Aires e Vicentinho J\u00fanior; os deputados estaduais, Fabion Gomes e Moisemar Marinho; o reitor em exerc\u00edcio da UFT, Marcelo Leineker; o reitor da Universidade Federal do Norte do Tocantins (UFNT), Airton Sieben; a promotora de Justi\u00e7a do MPTO, Cynthia Assis de Paula; o Juiz de Direito representante da Corregedoria-geral da Justi\u00e7a do Tocantins, Ari\u00f3stenis Guimar\u00e3es Vieira; o secret\u00e1rio de representa\u00e7\u00e3o do estado em Bras\u00edlia, Carlos Manzini; os ex-deputados, Nilmar Ruiz e Eduardo Siqueira Campos; e o secret\u00e1rio municipal de Educa\u00e7\u00e3o de Tocant\u00ednia, Andr\u00e9 Goveia,\u00a0munic\u00edpio que conta com tr\u00eas polos da UMA, sendo\u00a0 um polo indigena, que \u00e9 o primeiro do Brasil, outro polo na zona urbana,\u00a0 al\u00e9m de um polo\u00a0 , no Assentamento \u00c1gua Fria II.<\/p>\n\n\n\n<p><\/p>\n\n\n\n<figure class=\"wp-block-image size-large\"><img loading=\"lazy\" decoding=\"async\" width=\"1024\" height=\"768\" src=\"https:\/\/focotocantinense.com.br\/wp-content\/uploads\/2023\/10\/ddddd-1024x768.jpg\" alt=\"\" class=\"wp-image-6196\" srcset=\"https:\/\/focotocantinense.com.br\/wp-content\/uploads\/2023\/10\/ddddd-1024x768.jpg 1024w, https:\/\/focotocantinense.com.br\/wp-content\/uploads\/2023\/10\/ddddd-300x225.jpg 300w, https:\/\/focotocantinense.com.br\/wp-content\/uploads\/2023\/10\/ddddd-768x576.jpg 768w, https:\/\/focotocantinense.com.br\/wp-content\/uploads\/2023\/10\/ddddd-1536x1152.jpg 1536w, https:\/\/focotocantinense.com.br\/wp-content\/uploads\/2023\/10\/ddddd.jpg 1600w\" sizes=\"auto, (max-width: 1024px) 100vw, 1024px\" \/><\/figure>\n\n\n\n<p><\/p>\n\n\n\n<p><strong>Quem foi Darcy Ribeiro<\/strong><\/p>\n\n\n\n<p>Antrop\u00f3logo, escritor e pol\u00edtico, Darcy Ribeiro foi um dos principais intelectuais brasileiros e o fundador da Universidade de Bras\u00edlia (UnB). Nascido em Montes Claros (MG) em 1922, formou-se na Escola de Sociologia e Pol\u00edtica da Universidade de S\u00e3o Paulo (USP) em 1946.<\/p>\n\n\n\n<p>Como etn\u00f3logo do Servi\u00e7o de Prote\u00e7\u00e3o ao \u00cdndio, passou per\u00edodos com v\u00e1rias tribos ind\u00edgenas. Ele foi ministro da Educa\u00e7\u00e3o (1962-1963) e chefe da Casa Civil da Presid\u00eancia da Rep\u00fablica (1963-1964). Como vice-governador do Rio de Janeiro (1983-1987), implementou os Centros Integrados de Ensino P\u00fablico (Ciep). De 1991 at\u00e9 seu falecimento em 1997, foi senador pelo Rio de Janeiro.<\/p>\n\n\n\n<p><\/p>\n\n\n\n<figure class=\"wp-block-image size-large\"><img loading=\"lazy\" decoding=\"async\" width=\"1024\" height=\"768\" src=\"https:\/\/focotocantinense.com.br\/wp-content\/uploads\/2023\/10\/ccccccccccc-1-1024x768.jpg\" alt=\"\" class=\"wp-image-6197\" srcset=\"https:\/\/focotocantinense.com.br\/wp-content\/uploads\/2023\/10\/ccccccccccc-1-1024x768.jpg 1024w, https:\/\/focotocantinense.com.br\/wp-content\/uploads\/2023\/10\/ccccccccccc-1-300x225.jpg 300w, https:\/\/focotocantinense.com.br\/wp-content\/uploads\/2023\/10\/ccccccccccc-1-768x576.jpg 768w, https:\/\/focotocantinense.com.br\/wp-content\/uploads\/2023\/10\/ccccccccccc-1-1536x1152.jpg 1536w, https:\/\/focotocantinense.com.br\/wp-content\/uploads\/2023\/10\/ccccccccccc-1.jpg 1600w\" sizes=\"auto, (max-width: 1024px) 100vw, 1024px\" \/><\/figure>\n\n\n\n<p><\/p>\n\n\n\n<p><\/p>\n\n\n\n<figure class=\"wp-block-image size-full\"><img loading=\"lazy\" decoding=\"async\" width=\"640\" height=\"193\" src=\"https:\/\/focotocantinense.com.br\/wp-content\/uploads\/2023\/10\/VINI-4.jpg\" alt=\"\" class=\"wp-image-6198\" srcset=\"https:\/\/focotocantinense.com.br\/wp-content\/uploads\/2023\/10\/VINI-4.jpg 640w, https:\/\/focotocantinense.com.br\/wp-content\/uploads\/2023\/10\/VINI-4-300x90.jpg 300w\" sizes=\"auto, (max-width: 640px) 100vw, 640px\" \/><\/figure>\n","protected":false},"excerpt":{"rendered":"<p>A Universidade da Maturidade (UMA), da Universidade Federal do Tocantins (UFT), recebeu nesta ter\u00e7a-feira, 24, o Pr\u00eamio Darcy Ribeiro de Educa\u00e7\u00e3o 2023, em cerim\u00f4nia realizada no Sal\u00e3o Nobre da C\u00e2mara dos Deputados, em Bras\u00edlia (DF). O pr\u00eamio, que \u00e9 promovido pela Comiss\u00e3o de Educa\u00e7\u00e3o, \u00e9 considerado um dos mais importantes do Brasil e consiste na &hellip;<\/p>\n","protected":false},"author":5,"featured_media":6190,"comment_status":"open","ping_status":"open","sticky":false,"template":"","format":"standard","meta":{"footnotes":""},"categories":[78],"tags":[],"class_list":["post-6189","post","type-post","status-publish","format-standard","has-post-thumbnail","","category-tocantinia"],"_links":{"self":[{"href":"https:\/\/focotocantinense.com.br\/index.php?rest_route=\/wp\/v2\/posts\/6189","targetHints":{"allow":["GET"]}}],"collection":[{"href":"https:\/\/focotocantinense.com.br\/index.php?rest_route=\/wp\/v2\/posts"}],"about":[{"href":"https:\/\/focotocantinense.com.br\/index.php?rest_route=\/wp\/v2\/types\/post"}],"author":[{"embeddable":true,"href":"https:\/\/focotocantinense.com.br\/index.php?rest_route=\/wp\/v2\/users\/5"}],"replies":[{"embeddable":true,"href":"https:\/\/focotocantinense.com.br\/index.php?rest_route=%2Fwp%2Fv2%2Fcomments&post=6189"}],"version-history":[{"count":4,"href":"https:\/\/focotocantinense.com.br\/index.php?rest_route=\/wp\/v2\/posts\/6189\/revisions"}],"predecessor-version":[{"id":6200,"href":"https:\/\/focotocantinense.com.br\/index.php?rest_route=\/wp\/v2\/posts\/6189\/revisions\/6200"}],"wp:featuredmedia":[{"embeddable":true,"href":"https:\/\/focotocantinense.com.br\/index.php?rest_route=\/wp\/v2\/media\/6190"}],"wp:attachment":[{"href":"https:\/\/focotocantinense.com.br\/index.php?rest_route=%2Fwp%2Fv2%2Fmedia&parent=6189"}],"wp:term":[{"taxonomy":"category","embeddable":true,"href":"https:\/\/focotocantinense.com.br\/index.php?rest_route=%2Fwp%2Fv2%2Fcategories&post=6189"},{"taxonomy":"post_tag","embeddable":true,"href":"https:\/\/focotocantinense.com.br\/index.php?rest_route=%2Fwp%2Fv2%2Ftags&post=6189"}],"curies":[{"name":"wp","href":"https:\/\/api.w.org\/{rel}","templated":true}]}}