{"id":6185,"date":"2023-10-24T21:53:07","date_gmt":"2023-10-25T00:53:07","guid":{"rendered":"https:\/\/focotocantinense.com.br\/?p=6185"},"modified":"2023-10-24T21:53:37","modified_gmt":"2023-10-25T00:53:37","slug":"comeca-nesta-quarta-feira-a-gurupitech-9a-sicteg","status":"publish","type":"post","link":"https:\/\/focotocantinense.com.br\/?p=6185","title":{"rendered":"Come\u00e7a nesta quarta-feira a Gurupi+Tech, 9\u00aa Sicteg"},"content":{"rendered":"\n<p>Amanh\u00e3, 25, tem in\u00edcio a&nbsp;Gurupi+Tech<strong>\/<\/strong>9\u00aa Semana Integrada de Ci\u00eancia e Tecnologia de Gurupi &#8211; Sicteg. Acad\u00eamicos, professores e comunidade poder\u00e3o participar do evento que tem como tema \u201cCi\u00eancias B\u00e1sicas para o Desenvolvimento Sustent\u00e1vel\u201d. O evento ocorrer\u00e1 entre os dias 25 a 27 de outubro, no campus Jacinto Nunes da Silva, campus I,&nbsp;da Institui\u00e7\u00e3o.<\/p>\n\n\n\n<p>Esse ano haver\u00e1 muitas novidades com a amplia\u00e7\u00e3o do evento, criando um novo formato da feira cient\u00edfica. A Semana Integrada \u00e9 reconhecida como a maior feira cient\u00edfica, tecnol\u00f3gica e de inova\u00e7\u00e3o do Tocantins, tornando-se a&nbsp;Gurupi&nbsp;+&nbsp;Tech e se adaptando \u00e0s demandas do mundo moderno.<\/p>\n\n\n\n<p>O evento ganhou um formato mais digital, abrindo portas para uma maior integra\u00e7\u00e3o entre institui\u00e7\u00f5es de ensino superior e o p\u00fablico em geral.<\/p>\n\n\n\n<p>A&nbsp;Gurupi&nbsp;+&nbsp;Tech&nbsp;proporcionar\u00e1 oportunidades \u00fanicas para networking, promovendo um ambiente prop\u00edcio para a troca de ideias e parcerias.&nbsp;Na programa\u00e7\u00e3o ser\u00e3o&nbsp;oferecidas v\u00e1rias palestras, minicursos, pain\u00e9is, al\u00e9m de entretenimento.<\/p>\n\n\n\n<p>Nesta edi\u00e7\u00e3o, a UnirG estar\u00e1 sediando o evento, com uma programa\u00e7\u00e3o especial para os acad\u00eamicos e demais interessados em participar, que&nbsp;ocorrer\u00e3o nos blocos D e E da Institui\u00e7\u00e3o.&nbsp;Dentre as diversas atra\u00e7\u00f5es que ser\u00e3o oferecidas no evento, as Ligas Acad\u00eamicas da UnirG tamb\u00e9m estar\u00e3o promovendo palestras e workshop aos participantes.<\/p>\n\n\n\n<p><strong>Feira Cient\u00edfica e Neg\u00f3cios<\/strong><\/p>\n\n\n\n<p>Al\u00e9m da tradicional programa\u00e7\u00e3o acad\u00eamica que promove integra\u00e7\u00e3o entre as Institui\u00e7\u00f5es de Ensino Superior e o setor empresarial de Gurupi, contar\u00e1 ainda com uma programa\u00e7\u00e3o cultural mais extensa e de neg\u00f3cios com a presen\u00e7a de dezenas de empresas expositoras.<\/p>\n\n\n\n<p>A estrutura contar\u00e1 com 18 stands, pra\u00e7a de alimenta\u00e7\u00e3o, gabinete da prefeita Josi Nunes, que estar\u00e1 no local para receber os participantes, al\u00e9m de um amplo estacionamento para promover seguran\u00e7a e comodidade aos visitantes.<\/p>\n\n\n\n<p>A Sicteg \u00e9 uma a\u00e7\u00e3o alinhada \u00e0 Semana Nacional de Ci\u00eancia e Tecnologia \u2013 SNCT\/MCTI. A atividade se efetiva a partir da Integra\u00e7\u00e3o entre Governo &#8211; Academia \u2013 Empresas, estrat\u00e9gia diversificada para populariza\u00e7\u00e3o da Ci\u00eancia, em abrang\u00eancia Regional.<\/p>\n\n\n\n<p>O evento gratuito \u00e9 uma a\u00e7\u00e3o realizada<strong>&nbsp;<\/strong>entre a Prefeitura de&nbsp;Gurupi, por meio da Secretaria Municipal de Ci\u00eancia, Tecnologia e Inova\u00e7\u00e3o e o Sebrae. Co-realiza\u00e7\u00e3o pela a Universidade de&nbsp;Gurupi&nbsp;\u2013 UnirG, Universidade Federal do Tocantins &#8211; UFT, Instituto Federal de Educa\u00e7\u00e3o, Ci\u00eancia e Tecnologia \u2013 IFTO, Universidade Estadual do Tocantins &#8211; Unitins e Associa\u00e7\u00e3o Comercial e Industrial de&nbsp;Gurupi&nbsp;&#8211; Acig.<\/p>\n\n\n\n<p>S\u00e3o parceiros do evento o Servi\u00e7o Nacional de Aprendizagem &#8211; Senac, o Servi\u00e7o Social da Ind\u00fastria Sesi, o Servi\u00e7o Social do Com\u00e9rcio Sesc, a Federa\u00e7\u00e3o do Com\u00e9rcio de Bens, Servi\u00e7os e Turismo &#8211; Fecom\u00e9rcio, a Funda\u00e7\u00e3o de Amparo \u00e0 Pesquisa do Tocantins &#8211; Fapt e a BRK Ambiental.<\/p>\n\n\n\n<figure class=\"wp-block-image size-full\"><img loading=\"lazy\" decoding=\"async\" width=\"958\" height=\"541\" src=\"https:\/\/focotocantinense.com.br\/wp-content\/uploads\/2023\/10\/aaaaaaaaaaaaaaaaaaaaa-2.jpg\" alt=\"\" class=\"wp-image-6186\" srcset=\"https:\/\/focotocantinense.com.br\/wp-content\/uploads\/2023\/10\/aaaaaaaaaaaaaaaaaaaaa-2.jpg 958w, https:\/\/focotocantinense.com.br\/wp-content\/uploads\/2023\/10\/aaaaaaaaaaaaaaaaaaaaa-2-300x169.jpg 300w, https:\/\/focotocantinense.com.br\/wp-content\/uploads\/2023\/10\/aaaaaaaaaaaaaaaaaaaaa-2-768x434.jpg 768w\" sizes=\"auto, (max-width: 958px) 100vw, 958px\" \/><\/figure>\n\n\n\n<p><\/p>\n\n\n\n<p><\/p>\n\n\n\n<figure class=\"wp-block-image\"><img decoding=\"async\" src=\"http:\/\/n1to.com.br\/img\/uploads\/VINI_173.jpg\" alt=\"\"\/><\/figure>\n","protected":false},"excerpt":{"rendered":"<p>Amanh\u00e3, 25, tem in\u00edcio a&nbsp;Gurupi+Tech\/9\u00aa Semana Integrada de Ci\u00eancia e Tecnologia de Gurupi &#8211; Sicteg. Acad\u00eamicos, professores e comunidade poder\u00e3o participar do evento que tem como tema \u201cCi\u00eancias B\u00e1sicas para o Desenvolvimento Sustent\u00e1vel\u201d. O evento ocorrer\u00e1 entre os dias 25 a 27 de outubro, no campus Jacinto Nunes da Silva, campus I,&nbsp;da Institui\u00e7\u00e3o. Esse ano &hellip;<\/p>\n","protected":false},"author":5,"featured_media":6186,"comment_status":"open","ping_status":"open","sticky":false,"template":"","format":"standard","meta":{"footnotes":""},"categories":[38],"tags":[],"class_list":["post-6185","post","type-post","status-publish","format-standard","has-post-thumbnail","","category-gurupi"],"_links":{"self":[{"href":"https:\/\/focotocantinense.com.br\/index.php?rest_route=\/wp\/v2\/posts\/6185","targetHints":{"allow":["GET"]}}],"collection":[{"href":"https:\/\/focotocantinense.com.br\/index.php?rest_route=\/wp\/v2\/posts"}],"about":[{"href":"https:\/\/focotocantinense.com.br\/index.php?rest_route=\/wp\/v2\/types\/post"}],"author":[{"embeddable":true,"href":"https:\/\/focotocantinense.com.br\/index.php?rest_route=\/wp\/v2\/users\/5"}],"replies":[{"embeddable":true,"href":"https:\/\/focotocantinense.com.br\/index.php?rest_route=%2Fwp%2Fv2%2Fcomments&post=6185"}],"version-history":[{"count":2,"href":"https:\/\/focotocantinense.com.br\/index.php?rest_route=\/wp\/v2\/posts\/6185\/revisions"}],"predecessor-version":[{"id":6188,"href":"https:\/\/focotocantinense.com.br\/index.php?rest_route=\/wp\/v2\/posts\/6185\/revisions\/6188"}],"wp:featuredmedia":[{"embeddable":true,"href":"https:\/\/focotocantinense.com.br\/index.php?rest_route=\/wp\/v2\/media\/6186"}],"wp:attachment":[{"href":"https:\/\/focotocantinense.com.br\/index.php?rest_route=%2Fwp%2Fv2%2Fmedia&parent=6185"}],"wp:term":[{"taxonomy":"category","embeddable":true,"href":"https:\/\/focotocantinense.com.br\/index.php?rest_route=%2Fwp%2Fv2%2Fcategories&post=6185"},{"taxonomy":"post_tag","embeddable":true,"href":"https:\/\/focotocantinense.com.br\/index.php?rest_route=%2Fwp%2Fv2%2Ftags&post=6185"}],"curies":[{"name":"wp","href":"https:\/\/api.w.org\/{rel}","templated":true}]}}