{"id":6181,"date":"2023-10-24T18:50:06","date_gmt":"2023-10-24T21:50:06","guid":{"rendered":"https:\/\/focotocantinense.com.br\/?p=6181"},"modified":"2023-10-24T18:50:39","modified_gmt":"2023-10-24T21:50:39","slug":"projeto-leitura-viva-leva-roda-literaria-a-tocantinia","status":"publish","type":"post","link":"https:\/\/focotocantinense.com.br\/?p=6181","title":{"rendered":"Projeto Leitura Viva leva Roda Liter\u00e1ria \u00e0 Tocant\u00ednia"},"content":{"rendered":"\n<p><strong>Por Zacarias Martins<\/strong><\/p>\n\n\n\n<p>A Prefeitura de Tocant\u00ednia, por meio da Secretaria Municipal de educa\u00e7\u00e3o \u2013 Semed, promoveu na manh\u00e3 de ter\u00e7a-feira, dia 24, no&nbsp; Centro de Refer\u00eancia do Projeto Leitura Viva, &nbsp;uma Roda&nbsp; Liter\u00e1ria com o lan\u00e7amento do livro \u201cP\u00e1ginas da nossa&nbsp; hist\u00f3ria\u201d, da escritora&nbsp; Nice de Moraes. A obra, traz poemas sobre declara\u00e7\u00f5es de amor.<\/p>\n\n\n\n<p>Al\u00e9m de uma admiradora da poesia, a escritora respira arte ao atuar como recitadora, cantora, compositora, escritora, musicista, atriz, professora de teatro e diretora art\u00edstica.&nbsp;<\/p>\n\n\n\n<p>Segundo a professora Carmem L\u00facia Dias de Oliveira, coordenadora do Projeto Leitura Viva, &nbsp;a arte de produ\u00e7\u00e3o e recita\u00e7\u00e3o de poesias tem como objetivos estimular a oralidade do aluno no desenvolvimento do pensamento criativo, buscando formar um cidad\u00e3o cr\u00edtico, criativo por diferentes aspectos da linguagem.<\/p>\n\n\n\n<p>\u201cAo despertarmos o apego pela leitura no desenvolvimento da escrita,&nbsp; conseguimos&nbsp; expressar nossos sentimentos e viv\u00eancias atrav\u00e9s da literatura\u201d, garante a professora Carmem.<\/p>\n\n\n\n<figure class=\"wp-block-image is-resized\"><img decoding=\"async\" src=\"http:\/\/n1to.com.br\/img\/uploads\/ddddd_6.jpg\" alt=\"\" style=\"aspect-ratio:0.8849270664505673;width:409px;height:auto\"\/><\/figure>\n\n\n\n<figure class=\"wp-block-image\"><img decoding=\"async\" src=\"http:\/\/n1to.com.br\/img\/uploads\/fffff_3.jpg\" alt=\"\"\/><\/figure>\n\n\n\n<figure class=\"wp-block-image\"><img decoding=\"async\" src=\"http:\/\/n1to.com.br\/img\/uploads\/hhh_2.jpg\" alt=\"\"\/><\/figure>\n\n\n\n<figure class=\"wp-block-image\"><img decoding=\"async\" src=\"http:\/\/n1to.com.br\/img\/uploads\/VINI_172.jpg\" alt=\"\"\/><\/figure>\n","protected":false},"excerpt":{"rendered":"<p>Por Zacarias Martins A Prefeitura de Tocant\u00ednia, por meio da Secretaria Municipal de educa\u00e7\u00e3o \u2013 Semed, promoveu na manh\u00e3 de ter\u00e7a-feira, dia 24, no&nbsp; Centro de Refer\u00eancia do Projeto Leitura Viva, &nbsp;uma Roda&nbsp; Liter\u00e1ria com o lan\u00e7amento do livro \u201cP\u00e1ginas da nossa&nbsp; hist\u00f3ria\u201d, da escritora&nbsp; Nice de Moraes. A obra, traz poemas sobre declara\u00e7\u00f5es de &hellip;<\/p>\n","protected":false},"author":5,"featured_media":6182,"comment_status":"open","ping_status":"open","sticky":false,"template":"","format":"standard","meta":{"footnotes":""},"categories":[78],"tags":[],"class_list":["post-6181","post","type-post","status-publish","format-standard","has-post-thumbnail","","category-tocantinia"],"_links":{"self":[{"href":"https:\/\/focotocantinense.com.br\/index.php?rest_route=\/wp\/v2\/posts\/6181","targetHints":{"allow":["GET"]}}],"collection":[{"href":"https:\/\/focotocantinense.com.br\/index.php?rest_route=\/wp\/v2\/posts"}],"about":[{"href":"https:\/\/focotocantinense.com.br\/index.php?rest_route=\/wp\/v2\/types\/post"}],"author":[{"embeddable":true,"href":"https:\/\/focotocantinense.com.br\/index.php?rest_route=\/wp\/v2\/users\/5"}],"replies":[{"embeddable":true,"href":"https:\/\/focotocantinense.com.br\/index.php?rest_route=%2Fwp%2Fv2%2Fcomments&post=6181"}],"version-history":[{"count":2,"href":"https:\/\/focotocantinense.com.br\/index.php?rest_route=\/wp\/v2\/posts\/6181\/revisions"}],"predecessor-version":[{"id":6184,"href":"https:\/\/focotocantinense.com.br\/index.php?rest_route=\/wp\/v2\/posts\/6181\/revisions\/6184"}],"wp:featuredmedia":[{"embeddable":true,"href":"https:\/\/focotocantinense.com.br\/index.php?rest_route=\/wp\/v2\/media\/6182"}],"wp:attachment":[{"href":"https:\/\/focotocantinense.com.br\/index.php?rest_route=%2Fwp%2Fv2%2Fmedia&parent=6181"}],"wp:term":[{"taxonomy":"category","embeddable":true,"href":"https:\/\/focotocantinense.com.br\/index.php?rest_route=%2Fwp%2Fv2%2Fcategories&post=6181"},{"taxonomy":"post_tag","embeddable":true,"href":"https:\/\/focotocantinense.com.br\/index.php?rest_route=%2Fwp%2Fv2%2Ftags&post=6181"}],"curies":[{"name":"wp","href":"https:\/\/api.w.org\/{rel}","templated":true}]}}