{"id":6159,"date":"2023-10-20T11:57:49","date_gmt":"2023-10-20T14:57:49","guid":{"rendered":"https:\/\/focotocantinense.com.br\/?p=6159"},"modified":"2023-10-20T11:57:49","modified_gmt":"2023-10-20T14:57:49","slug":"lara-oli-se-apresenta-na-proxima-sexta-feira-20-em-paraiso-durante-programacao-de-aniversario-de-60-anos-da-cidade","status":"publish","type":"post","link":"https:\/\/focotocantinense.com.br\/?p=6159","title":{"rendered":"Lara Oli se apresenta na pr\u00f3xima sexta-feira (20) em Para\u00edso, durante programa\u00e7\u00e3o de anivers\u00e1rio de 60 anos da cidade"},"content":{"rendered":"\n<p>A cantora gospel, Lara de Oliveira Gon\u00e7alves (Lara Oli), da cidade de Formoso do Araguaia, no sul do Tocantins, ser\u00e1 uma das atra\u00e7\u00f5es da noite gospel na cidade de\u00a0 Para\u00edso, na pr\u00f3xima sexta-feira (20), durante o anivers\u00e1rio de 60 anos do munic\u00edpio.\u00a0 A jovem de apenas 13 anos, tem um talento que chama aten\u00e7\u00e3o por onde passa.\u00a0<\/p>\n\n\n\n<p>Lara Oli \u00e9 filha dos &nbsp;pastores Luc\u00e9lio Gon\u00e7alves Rodrigues e Thatianne Rodrigues que est\u00e3o orgulhosos da filha. Segundo eles, Lara j\u00e1 tem duas m\u00fasicas in\u00e9ditas, &nbsp;as can\u00e7\u00f5es: \u201cMois\u00e9s\u201d e \u201cRosa do Amor\u201d. As m\u00fasicas t\u00eam gerado &nbsp;inspira\u00e7\u00e3o onde ela apresenta e tocado muitas vidas.<\/p>\n\n\n\n<p>A apresenta\u00e7\u00e3o de Lara Oli acontece a partir das 19h30min no&nbsp; &nbsp;Parque das \u00c1guas.&nbsp; Gabriel Guedes tamb\u00e9m se apresenta na mesma noite. O trabalho de&nbsp; Lara Oli, pode ser acompanhado pela p\u00e1gina oficial no instagram: https:\/\/www.instagram.com\/reel\/CyGsvBqL7To\/?igshid=NjFhOGMzYTE3ZQ%3D%3D Segundo a fam\u00edlia, &nbsp;a jovem vai lan\u00e7ar as can\u00e7\u00f5es nas plataformas no pr\u00f3ximo dia 26 de outubro. A dica \u00e9 ficar ligado nas redes sociais dela e prestigiar o trabalho.<\/p>\n","protected":false},"excerpt":{"rendered":"<p>A cantora gospel, Lara de Oliveira Gon\u00e7alves (Lara Oli), da cidade de Formoso do Araguaia, no sul do Tocantins, ser\u00e1 uma das atra\u00e7\u00f5es da noite gospel na cidade de\u00a0 Para\u00edso, na pr\u00f3xima sexta-feira (20), durante o anivers\u00e1rio de 60 anos do munic\u00edpio.\u00a0 A jovem de apenas 13 anos, tem um talento que chama aten\u00e7\u00e3o por &hellip;<\/p>\n","protected":false},"author":5,"featured_media":6160,"comment_status":"open","ping_status":"open","sticky":false,"template":"","format":"standard","meta":{"footnotes":""},"categories":[1],"tags":[],"class_list":["post-6159","post","type-post","status-publish","format-standard","has-post-thumbnail","","category-sem-categoria"],"_links":{"self":[{"href":"https:\/\/focotocantinense.com.br\/index.php?rest_route=\/wp\/v2\/posts\/6159","targetHints":{"allow":["GET"]}}],"collection":[{"href":"https:\/\/focotocantinense.com.br\/index.php?rest_route=\/wp\/v2\/posts"}],"about":[{"href":"https:\/\/focotocantinense.com.br\/index.php?rest_route=\/wp\/v2\/types\/post"}],"author":[{"embeddable":true,"href":"https:\/\/focotocantinense.com.br\/index.php?rest_route=\/wp\/v2\/users\/5"}],"replies":[{"embeddable":true,"href":"https:\/\/focotocantinense.com.br\/index.php?rest_route=%2Fwp%2Fv2%2Fcomments&post=6159"}],"version-history":[{"count":1,"href":"https:\/\/focotocantinense.com.br\/index.php?rest_route=\/wp\/v2\/posts\/6159\/revisions"}],"predecessor-version":[{"id":6161,"href":"https:\/\/focotocantinense.com.br\/index.php?rest_route=\/wp\/v2\/posts\/6159\/revisions\/6161"}],"wp:featuredmedia":[{"embeddable":true,"href":"https:\/\/focotocantinense.com.br\/index.php?rest_route=\/wp\/v2\/media\/6160"}],"wp:attachment":[{"href":"https:\/\/focotocantinense.com.br\/index.php?rest_route=%2Fwp%2Fv2%2Fmedia&parent=6159"}],"wp:term":[{"taxonomy":"category","embeddable":true,"href":"https:\/\/focotocantinense.com.br\/index.php?rest_route=%2Fwp%2Fv2%2Fcategories&post=6159"},{"taxonomy":"post_tag","embeddable":true,"href":"https:\/\/focotocantinense.com.br\/index.php?rest_route=%2Fwp%2Fv2%2Ftags&post=6159"}],"curies":[{"name":"wp","href":"https:\/\/api.w.org\/{rel}","templated":true}]}}