{"id":6156,"date":"2023-10-19T07:43:20","date_gmt":"2023-10-19T10:43:20","guid":{"rendered":"https:\/\/focotocantinense.com.br\/?p=6156"},"modified":"2023-10-19T07:43:20","modified_gmt":"2023-10-19T10:43:20","slug":"deputado-federal-antonio-andrade-parabeniza-luzimangues-pelo-aniversario-de-30-anos-do-distrito","status":"publish","type":"post","link":"https:\/\/focotocantinense.com.br\/?p=6156","title":{"rendered":"Deputado Federal Antonio Andrade parabeniza Luzimangues pelo anivers\u00e1rio de 30 anos do distrito"},"content":{"rendered":"\n<p>O distrito de Luzimangues, localizado em Porto Nacional, celebra seu 30\u00ba anivers\u00e1rio hoje, 18 de outubro, e recebeu uma mensagem especial do deputado Antonio Andrade.<\/p>\n\n\n\n<p>Fundado em 1993, Luzimangues \u00e9 conhecido por seu desenvolvimento econ\u00f4mico e crescimento cont\u00ednuo ao longo das \u00faltimas d\u00e9cadas. O distrito desempenha um papel vital na economia do estado do Tocantins.<\/p>\n\n\n\n<p>No v\u00eddeo postado em suas redes sociais, o parlamentar destacou a import\u00e2ncia de Luzimangues para a regi\u00e3o e parabenizou seus residentes pelo 30\u00ba anivers\u00e1rio.<\/p>\n\n\n\n<p>\u201cHoje \u00e9 um dia muito especial para todos aqueles que tiveram um sonho. A gente sabe a condi\u00e7\u00e3o que Luzimangues tem hoje. Mais de 24 mil habitantes, 8 mil eleitores e trezentas empresas j\u00e1 se implantaram no distrito. Isso tudo \u00e9 organiza\u00e7\u00e3o\u201d, disse.<\/p>\n\n\n\n<p>O deputado tamb\u00e9m se lembrou das destina\u00e7\u00f5es de recursos para o distrito. \u201cAtrav\u00e9s das nossas emendas, articulamos para o distrito ter uma sede definitiva da Pol\u00edcia Militar, do Corpo de Bombeiros e da Defensoria P\u00fablica. Parab\u00e9ns a todos que contribu\u00edram para o crescimento e desenvolvimento do distrito de Luzimangues\u201d, destacou.<\/p>\n\n\n\n<p>O parlamentar reiterou seu compromisso de apoiar o progresso de Luzimangues, \u00e0 medida que o distrito avan\u00e7a em dire\u00e7\u00e3o a um futuro ainda mais promissor.<\/p>\n\n\n\n<p>Assessoria de Comunica\u00e7\u00e3o \u2013 Deputado Federal Antonio Andrade<\/p>\n","protected":false},"excerpt":{"rendered":"<p>O distrito de Luzimangues, localizado em Porto Nacional, celebra seu 30\u00ba anivers\u00e1rio hoje, 18 de outubro, e recebeu uma mensagem especial do deputado Antonio Andrade. Fundado em 1993, Luzimangues \u00e9 conhecido por seu desenvolvimento econ\u00f4mico e crescimento cont\u00ednuo ao longo das \u00faltimas d\u00e9cadas. O distrito desempenha um papel vital na economia do estado do Tocantins. &hellip;<\/p>\n","protected":false},"author":5,"featured_media":6157,"comment_status":"open","ping_status":"open","sticky":false,"template":"","format":"standard","meta":{"footnotes":""},"categories":[1],"tags":[],"class_list":["post-6156","post","type-post","status-publish","format-standard","has-post-thumbnail","","category-sem-categoria"],"_links":{"self":[{"href":"https:\/\/focotocantinense.com.br\/index.php?rest_route=\/wp\/v2\/posts\/6156","targetHints":{"allow":["GET"]}}],"collection":[{"href":"https:\/\/focotocantinense.com.br\/index.php?rest_route=\/wp\/v2\/posts"}],"about":[{"href":"https:\/\/focotocantinense.com.br\/index.php?rest_route=\/wp\/v2\/types\/post"}],"author":[{"embeddable":true,"href":"https:\/\/focotocantinense.com.br\/index.php?rest_route=\/wp\/v2\/users\/5"}],"replies":[{"embeddable":true,"href":"https:\/\/focotocantinense.com.br\/index.php?rest_route=%2Fwp%2Fv2%2Fcomments&post=6156"}],"version-history":[{"count":1,"href":"https:\/\/focotocantinense.com.br\/index.php?rest_route=\/wp\/v2\/posts\/6156\/revisions"}],"predecessor-version":[{"id":6158,"href":"https:\/\/focotocantinense.com.br\/index.php?rest_route=\/wp\/v2\/posts\/6156\/revisions\/6158"}],"wp:featuredmedia":[{"embeddable":true,"href":"https:\/\/focotocantinense.com.br\/index.php?rest_route=\/wp\/v2\/media\/6157"}],"wp:attachment":[{"href":"https:\/\/focotocantinense.com.br\/index.php?rest_route=%2Fwp%2Fv2%2Fmedia&parent=6156"}],"wp:term":[{"taxonomy":"category","embeddable":true,"href":"https:\/\/focotocantinense.com.br\/index.php?rest_route=%2Fwp%2Fv2%2Fcategories&post=6156"},{"taxonomy":"post_tag","embeddable":true,"href":"https:\/\/focotocantinense.com.br\/index.php?rest_route=%2Fwp%2Fv2%2Ftags&post=6156"}],"curies":[{"name":"wp","href":"https:\/\/api.w.org\/{rel}","templated":true}]}}