{"id":6147,"date":"2023-10-18T20:16:21","date_gmt":"2023-10-18T23:16:21","guid":{"rendered":"https:\/\/focotocantinense.com.br\/?p=6147"},"modified":"2023-10-18T20:18:28","modified_gmt":"2023-10-18T23:18:28","slug":"alunos-de-tocantinopolis-lancam-antologia-poetica-neste-sabado-dia-21","status":"publish","type":"post","link":"https:\/\/focotocantinense.com.br\/?p=6147","title":{"rendered":"Alunos de Tocantin\u00f3polis lan\u00e7am antologia po\u00e9tica neste s\u00e1bado, dia 21"},"content":{"rendered":"\n<p><strong>Por Zacarias Martins<\/strong><\/p>\n\n\n\n<p>O Centro de Ensino M\u00e9dio Girassol de Tempo Integral Darcy Marinho, em Tocantin\u00f3polis, por meio do seu Clube de Leitura Monteiro Lobato, promove neste s\u00e1bado, dia 21, o lan\u00e7amento do livro de poesias&nbsp;<em><strong>Escritores da esperan\u00e7a: protagonistas sempre,<\/strong><\/em>&nbsp;publicado pela Editora Veloso.<\/p>\n\n\n\n<p>A noite de aut\u00f3grafos acontece \u00e0s 19 horas, no audit\u00f3rio da Superintend\u00eancia Regional de Ensino, em Tocantin\u00f3polis, sendo que a obra \u00e9 uma antologia liter\u00e1ria reunindo trabalhos em poesia de 36 alunos.<\/p>\n\n\n\n<p>A coordenadora de Programas e Projetos da unidade escolar, Josilene de Oliveira Sousa, que organiza a obra, informa que os membros do Clube de Leitura Monteiro Lobato \u201cEst\u00e3o prontos para voar. S\u00e3o protagonistas de fato\u201d. Ela garante que devido a isso, a produ\u00e7\u00e3o do livro foi tranquila e tudo se encaminhou como \u201cpasse de m\u00e1gica\u201d.<\/p>\n\n\n\n<p>Para a estudante Maria Clara Viana, o lan\u00e7amento dessa obra ser\u00e1 uma boa oportunidade que os alunos possam mostrar o potencial de cada um, por meio da leitura e da escrita, al\u00e9m de trazer o merecido reconhecimento para o Clube de Leitura.<\/p>\n\n\n\n<p><strong>Transformando vidas de estudantes<\/strong><\/p>\n\n\n\n<p>J\u00e1 a estudante Thays Regina, que preside o Clube de Leitura Monteiro Lobato, disse que ele desempenha o importante papel de transformar a vida dos estudantes por meio da leitura. Da\u00ed surgiu o interesse em publicar um livro de poesias. \u201cFicamos surpresos com a generosidade da Cleo Monteiro Lobato, bisneta do ilustre escritor Monteiro Lobato, que n\u00e3o deixou de acreditar no sonho dos nossos estudantes e doou as camisetas para o evento. Nossa miss\u00e3o enquanto escritores \u00e9 deixar registrado o legado de Monteiro Lobato e sua import\u00e2ncia para a realiza\u00e7\u00e3o de tal a\u00e7\u00e3o\u201d, asseverou.\u00a0<\/p>\n\n\n\n<figure class=\"wp-block-image size-full\"><img loading=\"lazy\" decoding=\"async\" width=\"960\" height=\"534\" src=\"https:\/\/focotocantinense.com.br\/wp-content\/uploads\/2023\/10\/fffff.jpg\" alt=\"\" class=\"wp-image-6154\" srcset=\"https:\/\/focotocantinense.com.br\/wp-content\/uploads\/2023\/10\/fffff.jpg 960w, https:\/\/focotocantinense.com.br\/wp-content\/uploads\/2023\/10\/fffff-300x167.jpg 300w, https:\/\/focotocantinense.com.br\/wp-content\/uploads\/2023\/10\/fffff-768x427.jpg 768w\" sizes=\"auto, (max-width: 960px) 100vw, 960px\" \/><\/figure>\n\n\n\n<figure class=\"wp-block-image size-full\"><img loading=\"lazy\" decoding=\"async\" width=\"972\" height=\"545\" src=\"https:\/\/focotocantinense.com.br\/wp-content\/uploads\/2023\/10\/ccccccccccc.jpg\" alt=\"\" class=\"wp-image-6152\" srcset=\"https:\/\/focotocantinense.com.br\/wp-content\/uploads\/2023\/10\/ccccccccccc.jpg 972w, https:\/\/focotocantinense.com.br\/wp-content\/uploads\/2023\/10\/ccccccccccc-300x168.jpg 300w, https:\/\/focotocantinense.com.br\/wp-content\/uploads\/2023\/10\/ccccccccccc-768x431.jpg 768w\" sizes=\"auto, (max-width: 972px) 100vw, 972px\" \/><\/figure>\n\n\n\n<p><\/p>\n\n\n\n<figure class=\"wp-block-image size-full\"><img loading=\"lazy\" decoding=\"async\" width=\"640\" height=\"193\" src=\"https:\/\/focotocantinense.com.br\/wp-content\/uploads\/2023\/10\/VINI-3.jpg\" alt=\"\" class=\"wp-image-6150\" srcset=\"https:\/\/focotocantinense.com.br\/wp-content\/uploads\/2023\/10\/VINI-3.jpg 640w, https:\/\/focotocantinense.com.br\/wp-content\/uploads\/2023\/10\/VINI-3-300x90.jpg 300w\" sizes=\"auto, (max-width: 640px) 100vw, 640px\" \/><\/figure>\n","protected":false},"excerpt":{"rendered":"<p>Por Zacarias Martins O Centro de Ensino M\u00e9dio Girassol de Tempo Integral Darcy Marinho, em Tocantin\u00f3polis, por meio do seu Clube de Leitura Monteiro Lobato, promove neste s\u00e1bado, dia 21, o lan\u00e7amento do livro de poesias&nbsp;Escritores da esperan\u00e7a: protagonistas sempre,&nbsp;publicado pela Editora Veloso. A noite de aut\u00f3grafos acontece \u00e0s 19 horas, no audit\u00f3rio da Superintend\u00eancia &hellip;<\/p>\n","protected":false},"author":5,"featured_media":6148,"comment_status":"open","ping_status":"open","sticky":false,"template":"","format":"standard","meta":{"footnotes":""},"categories":[87],"tags":[],"class_list":["post-6147","post","type-post","status-publish","format-standard","has-post-thumbnail","","category-tocantinopolis"],"_links":{"self":[{"href":"https:\/\/focotocantinense.com.br\/index.php?rest_route=\/wp\/v2\/posts\/6147","targetHints":{"allow":["GET"]}}],"collection":[{"href":"https:\/\/focotocantinense.com.br\/index.php?rest_route=\/wp\/v2\/posts"}],"about":[{"href":"https:\/\/focotocantinense.com.br\/index.php?rest_route=\/wp\/v2\/types\/post"}],"author":[{"embeddable":true,"href":"https:\/\/focotocantinense.com.br\/index.php?rest_route=\/wp\/v2\/users\/5"}],"replies":[{"embeddable":true,"href":"https:\/\/focotocantinense.com.br\/index.php?rest_route=%2Fwp%2Fv2%2Fcomments&post=6147"}],"version-history":[{"count":3,"href":"https:\/\/focotocantinense.com.br\/index.php?rest_route=\/wp\/v2\/posts\/6147\/revisions"}],"predecessor-version":[{"id":6155,"href":"https:\/\/focotocantinense.com.br\/index.php?rest_route=\/wp\/v2\/posts\/6147\/revisions\/6155"}],"wp:featuredmedia":[{"embeddable":true,"href":"https:\/\/focotocantinense.com.br\/index.php?rest_route=\/wp\/v2\/media\/6148"}],"wp:attachment":[{"href":"https:\/\/focotocantinense.com.br\/index.php?rest_route=%2Fwp%2Fv2%2Fmedia&parent=6147"}],"wp:term":[{"taxonomy":"category","embeddable":true,"href":"https:\/\/focotocantinense.com.br\/index.php?rest_route=%2Fwp%2Fv2%2Fcategories&post=6147"},{"taxonomy":"post_tag","embeddable":true,"href":"https:\/\/focotocantinense.com.br\/index.php?rest_route=%2Fwp%2Fv2%2Ftags&post=6147"}],"curies":[{"name":"wp","href":"https:\/\/api.w.org\/{rel}","templated":true}]}}