{"id":6143,"date":"2023-10-18T15:09:05","date_gmt":"2023-10-18T18:09:05","guid":{"rendered":"https:\/\/focotocantinense.com.br\/?p=6143"},"modified":"2023-10-18T15:09:06","modified_gmt":"2023-10-18T18:09:06","slug":"pec-da-policia-municipal-tem-apoio-do-deputado-antonio-andrade","status":"publish","type":"post","link":"https:\/\/focotocantinense.com.br\/?p=6143","title":{"rendered":"PEC da Pol\u00edcia Municipal tem apoio do deputado Antonio Andrade"},"content":{"rendered":"\n<p>A Proposta de Emenda \u00e0 Constitui\u00e7\u00e3o (PEC) que busca regulamentar a cria\u00e7\u00e3o e funcionamento das Pol\u00edcias Municipais ganhou um aliado de peso no Congresso Nacional.<\/p>\n\n\n\n<p>O deputado federal tocantinense Antonio Andrade, anunciou seu apoio \u00e0 PEC, destacando a import\u00e2ncia de fortalecer as estruturas de seguran\u00e7a no \u00e2mbito municipal.<\/p>\n\n\n\n<p>A PEC, que busca assinaturas para tramitar no Congresso, tem como objetivo inserir as guardas municipais e metropolitanas no rol da categoria de seguran\u00e7a p\u00fablica, que est\u00e1 inserido no artigo 144 da Constitui\u00e7\u00e3o Federal.<\/p>\n\n\n\n<p>Segundo o parlamentar, a iniciativa visa descentralizar o poder de policiamento, permitindo que policia municipal tenha um papel mais ativo na seguran\u00e7a p\u00fablica.<\/p>\n\n\n\n<p>Em v\u00eddeo postado nesta ter\u00e7a-feira, 17 de outubro, o deputado Antonio Andrade explicou os principais pontos de apoio \u00e0 PEC da \u2018Pol\u00edcia Municipal\u2019. Ele destacou que a medida da sustenta\u00e7\u00e3o para a categoria a n\u00edvel federal a todos os guardas municipais.<\/p>\n\n\n\n<p>A discuss\u00e3o em torno da PEC da Pol\u00edcia Municipal continuar\u00e1 sendo tema de debates e an\u00e1lises nos pr\u00f3ximos meses, \u00e0 medida que a proposta segue sua jornada legislativa. Se aprovada, a emenda constitucional poder\u00e1 ter um impacto significativo na maneira como a seguran\u00e7a p\u00fablica \u00e9 gerenciada em n\u00edvel local em todo o Brasil.<\/p>\n\n\n\n<p>Assessoria de Comunica\u00e7\u00e3o \u2013 Deputado Federal Antonio Andrade<\/p>\n","protected":false},"excerpt":{"rendered":"<p>A Proposta de Emenda \u00e0 Constitui\u00e7\u00e3o (PEC) que busca regulamentar a cria\u00e7\u00e3o e funcionamento das Pol\u00edcias Municipais ganhou um aliado de peso no Congresso Nacional. O deputado federal tocantinense Antonio Andrade, anunciou seu apoio \u00e0 PEC, destacando a import\u00e2ncia de fortalecer as estruturas de seguran\u00e7a no \u00e2mbito municipal. A PEC, que busca assinaturas para tramitar &hellip;<\/p>\n","protected":false},"author":5,"featured_media":6144,"comment_status":"open","ping_status":"open","sticky":false,"template":"","format":"standard","meta":{"footnotes":""},"categories":[1],"tags":[],"class_list":["post-6143","post","type-post","status-publish","format-standard","has-post-thumbnail","","category-sem-categoria"],"_links":{"self":[{"href":"https:\/\/focotocantinense.com.br\/index.php?rest_route=\/wp\/v2\/posts\/6143","targetHints":{"allow":["GET"]}}],"collection":[{"href":"https:\/\/focotocantinense.com.br\/index.php?rest_route=\/wp\/v2\/posts"}],"about":[{"href":"https:\/\/focotocantinense.com.br\/index.php?rest_route=\/wp\/v2\/types\/post"}],"author":[{"embeddable":true,"href":"https:\/\/focotocantinense.com.br\/index.php?rest_route=\/wp\/v2\/users\/5"}],"replies":[{"embeddable":true,"href":"https:\/\/focotocantinense.com.br\/index.php?rest_route=%2Fwp%2Fv2%2Fcomments&post=6143"}],"version-history":[{"count":1,"href":"https:\/\/focotocantinense.com.br\/index.php?rest_route=\/wp\/v2\/posts\/6143\/revisions"}],"predecessor-version":[{"id":6145,"href":"https:\/\/focotocantinense.com.br\/index.php?rest_route=\/wp\/v2\/posts\/6143\/revisions\/6145"}],"wp:featuredmedia":[{"embeddable":true,"href":"https:\/\/focotocantinense.com.br\/index.php?rest_route=\/wp\/v2\/media\/6144"}],"wp:attachment":[{"href":"https:\/\/focotocantinense.com.br\/index.php?rest_route=%2Fwp%2Fv2%2Fmedia&parent=6143"}],"wp:term":[{"taxonomy":"category","embeddable":true,"href":"https:\/\/focotocantinense.com.br\/index.php?rest_route=%2Fwp%2Fv2%2Fcategories&post=6143"},{"taxonomy":"post_tag","embeddable":true,"href":"https:\/\/focotocantinense.com.br\/index.php?rest_route=%2Fwp%2Fv2%2Ftags&post=6143"}],"curies":[{"name":"wp","href":"https:\/\/api.w.org\/{rel}","templated":true}]}}