{"id":6135,"date":"2023-10-17T21:41:04","date_gmt":"2023-10-18T00:41:04","guid":{"rendered":"https:\/\/focotocantinense.com.br\/?p=6135"},"modified":"2023-10-17T21:43:14","modified_gmt":"2023-10-18T00:43:14","slug":"governo-do-tocantins-da-inicio-a-elaboracao-do-projeto-de-construcao-do-centro-de-etnoturismo-da-ilha-do-bananal","status":"publish","type":"post","link":"https:\/\/focotocantinense.com.br\/?p=6135","title":{"rendered":"Governo do Tocantins d\u00e1 in\u00edcio \u00e0 elabora\u00e7\u00e3o do projeto de constru\u00e7\u00e3o do Centro de Etnoturismo da Ilha do Bananal"},"content":{"rendered":"\n<p>Uma constru\u00e7\u00e3o que ser\u00e1 um marco para o desenvolvimento do turismo no Tocantins, principalmente do etnoturismo ind\u00edgena, come\u00e7a a tomar forma. O vice-governador do Tocantins, Laurez Moreira, acompanhado da secret\u00e1ria de Estado dos Povos Origin\u00e1rios e Tradicionais, Narubia Werreria; do presidente da Tocantins Parcerias, Aleandro Lacerda; e do deputado federal, Ricardo Ayres, estiveram na Ilha do Bananal, nessa segunda-feira, 16, para identificarem o local onde ser\u00e1 constru\u00eddo o Centro de Etnoturismo da Cultura Ind\u00edgena.<\/p>\n\n\n\n<p>\u201cCumprindo uma determina\u00e7\u00e3o do nosso governador Wanderlei Barbosa, estamos dando in\u00edcio \u00e0 elabora\u00e7\u00e3o desse projeto grandioso. A Ilha do Bananal \u00e9 conhecida no mundo inteiro, os nossos ind\u00edgenas e a sua cultura s\u00e3o importantes, eu n\u00e3o tenho d\u00favidas de que a constru\u00e7\u00e3o desse centro ir\u00e1 transformar a Ilha do Bananal em um dos maiores polos tur\u00edsticos n\u00e3o s\u00f3 do Brasil, mas do mundo\u201d, declarou o vice-governador Laurez Moreira.<\/p>\n\n\n\n<p>O vice-governador ainda ressaltou que dentre os objetivos do projeto \u00e9 dar qualidade de vida \u00e0s comunidades locais. \u201cQueremos dar oportunidade aos ind\u00edgenas de mostrar o seu artesanato, as suas dan\u00e7as, a sua culin\u00e1ria, toda a sua cultura. Transformar a Ilha do Bananal em um grande centro de etnoturismo, e, com isso, dar mais infraestrutura, educa\u00e7\u00e3o, sa\u00fade, estradas e rodovias, para que as comunidades tenham uma vida mais digna\u201d, concluiu.<\/p>\n\n\n\n<p>A secret\u00e1ria Narubia Werreria destacou que esse \u00e9 um projeto muito esperado. \u201c\u00c9 uma honra imensa, como filha desta terra, fazer parte dessa a\u00e7\u00e3o. N\u00f3s por muito tempo est\u00e1vamos esperando projetos como esse, que promova o desenvolvimento sustent\u00e1vel e que valorize a cultura do nosso povo, a nossa terra e as nossas belezas naturais. A potencialidade da Ilha do Bananal para o etnoturismo, o ecoturismo, o turismo de pesca, a observa\u00e7\u00e3o de p\u00e1ssaros, \u00e9 ineg\u00e1vel. N\u00f3s estamos falando de um para\u00edso ecol\u00f3gico no cora\u00e7\u00e3o do Brasil, que precisa dessa valoriza\u00e7\u00e3o, assim como o povo Iny, povo belo e forte, de cantos e dan\u00e7as conhecidos no Brasil e no mundo. Agora, com esse projeto, n\u00f3s vamos valorizar toda essa potencialidade tur\u00edstica ecol\u00f3gica que n\u00f3s temos aqui\u201d, assegurou Narubia Werreria.<\/p>\n\n\n\n<p>O deputado federal Ricardo Ayres, apoiador do projeto, ir\u00e1 destinar recursos para a elabora\u00e7\u00e3o das a\u00e7\u00f5es. \u201cVou apresentar emenda parlamentar para a elabora\u00e7\u00e3o dos projetos que v\u00e3o fazer com que n\u00f3s tenhamos aqui, na maior ilha fluvial do mundo, um centro de eventos, para que a gente possa valorizar as nossas riquezas naturais, potencializar o desenvolvimento sustent\u00e1vel dessa regi\u00e3o com o turismo, garantindo principalmente \u00e0s popula\u00e7\u00f5es tradicionais condi\u00e7\u00f5es necess\u00e1rias para que tenham uma vida com qualidade e possam contribuir com o desenvolvimento do nosso Estado\u201d, confirmou.<\/p>\n\n\n\n<p>A moradora local, Lenimar Werreria Kanela, de 57 anos, ressaltou que v\u00ea o projeto de forma positiva, mas que \u00e9 fundamental nessa constru\u00e7\u00e3o a autonomia do ind\u00edgena. &#8220;Eu vejo de forma positiva, precisamos fazer parte desta constru\u00e7\u00e3o, da nossa forma, com o nosso olhar, queremos ser os construtores, idealizar com o Governo do Tocantins aquilo que \u00e9 para n\u00f3s e sobre n\u00f3s, \u00e9 a nossa hist\u00f3ria que ser\u00e1 mostrada para o mundo. E n\u00f3s queremos realmente mostrar a nossa culin\u00e1ria, a nossa cultura, todo esse contexto do que \u00e9 o ind\u00edgena, mas dito por n\u00f3s mesmos\u201d, expressou.<\/p>\n\n\n\n<p>O m\u00e9dico Hiol\u00f3 Werreria, de 37 anos, que vive na comunidade, tamb\u00e9m acredita no potencial do projeto. \u201cA iniciativa do Governo do Tocantins de vir aqui, ouvir, participar e se mostrar como um agente de melhorias e desenvolvimento do nosso povo, a gente v\u00ea com bons olhos esse empreendimento, a gente acredita muito no potencial, vivemos aqui, crescemos aqui, estamos \u00e0s margens de um belo rio, ent\u00e3o n\u00e3o tem como n\u00e3o pensar positivo\u201d, afirmou.<\/p>\n\n\n\n<p><strong>O projeto<\/strong><\/p>\n\n\n\n<p>De acordo com o presidente da Tocantins Parcerias, Aleandro Lacerda, a previs\u00e3o \u00e9 de que seja uma constru\u00e7\u00e3o em um per\u00edmetro de \u00e1rea de 10 mil m\u00b2. \u201cFomos identificar pontos interessantes para essa instala\u00e7\u00e3o, vamos contribuir com a parte t\u00e9cnica e criar uma modelagem adequada, al\u00e9m de identificar matrizes de riscos, melhor localiza\u00e7\u00e3o e demais informa\u00e7\u00f5es t\u00e9cnicas para o sucesso desse grande projeto e para toda a popula\u00e7\u00e3o local. Inicialmente, ser\u00e1 uma constru\u00e7\u00e3o com m\u00e9dia de 2 mil m\u00b2, em um per\u00edmetro de \u00e1rea de 10 mil m\u00b2\u201d, explicou.<\/p>\n\n\n\n<p>O prefeito da cidade de Formoso do Araguaia, Heno Rodrigues, tamb\u00e9m participou da expedi\u00e7\u00e3o. \u201cPrecisamos aproveitar todo esse potencial tur\u00edstico existente e gerar mais oportunidades. A prefeitura de Formoso do Araguaia \u00e9 parceira e vamos, juntos, transformar tudo isso que a gente sonha em melhorias para as nossas comunidades\u201d, certificou.<\/p>\n\n\n\n<p><img decoding=\"async\" src=\"https:\/\/central.to.gov.br\/image\/351136?w=670&amp;h=383\">                           <em><strong>Vice-governador Laurez Moreira ressaltou que \u00e9 objetivo do projeto dar qualidade de vida \u00e0s comunidades locais &#8211; Foto:\u00a0 Bruno Maia\/Governo do Tocantins<\/strong><\/em><\/p>\n\n\n\n<figure class=\"wp-block-image\"><img decoding=\"async\" src=\"https:\/\/central.to.gov.br\/image\/351137?w=670&amp;h=383\" alt=\"\"\/><\/figure>\n\n\n\n<p><em><strong>Secret\u00e1ria Narubia Werreria destacou que esse \u00e9 um projeto muito esperado &#8211; Foto:\u00a0 Bruno Maia\/Governo do Tocantins<\/strong><\/em><\/p>\n\n\n\n<figure class=\"wp-block-image size-full\"><img loading=\"lazy\" decoding=\"async\" width=\"640\" height=\"193\" src=\"https:\/\/focotocantinense.com.br\/wp-content\/uploads\/2023\/10\/VINI-2.jpg\" alt=\"\" class=\"wp-image-6131\" srcset=\"https:\/\/focotocantinense.com.br\/wp-content\/uploads\/2023\/10\/VINI-2.jpg 640w, https:\/\/focotocantinense.com.br\/wp-content\/uploads\/2023\/10\/VINI-2-300x90.jpg 300w\" sizes=\"auto, (max-width: 640px) 100vw, 640px\" \/><\/figure>\n","protected":false},"excerpt":{"rendered":"<p>Uma constru\u00e7\u00e3o que ser\u00e1 um marco para o desenvolvimento do turismo no Tocantins, principalmente do etnoturismo ind\u00edgena, come\u00e7a a tomar forma. O vice-governador do Tocantins, Laurez Moreira, acompanhado da secret\u00e1ria de Estado dos Povos Origin\u00e1rios e Tradicionais, Narubia Werreria; do presidente da Tocantins Parcerias, Aleandro Lacerda; e do deputado federal, Ricardo Ayres, estiveram na Ilha &hellip;<\/p>\n","protected":false},"author":5,"featured_media":6139,"comment_status":"open","ping_status":"open","sticky":false,"template":"","format":"standard","meta":{"footnotes":""},"categories":[51],"tags":[],"class_list":["post-6135","post","type-post","status-publish","format-standard","has-post-thumbnail","","category-formoso-do-araguaia"],"_links":{"self":[{"href":"https:\/\/focotocantinense.com.br\/index.php?rest_route=\/wp\/v2\/posts\/6135","targetHints":{"allow":["GET"]}}],"collection":[{"href":"https:\/\/focotocantinense.com.br\/index.php?rest_route=\/wp\/v2\/posts"}],"about":[{"href":"https:\/\/focotocantinense.com.br\/index.php?rest_route=\/wp\/v2\/types\/post"}],"author":[{"embeddable":true,"href":"https:\/\/focotocantinense.com.br\/index.php?rest_route=\/wp\/v2\/users\/5"}],"replies":[{"embeddable":true,"href":"https:\/\/focotocantinense.com.br\/index.php?rest_route=%2Fwp%2Fv2%2Fcomments&post=6135"}],"version-history":[{"count":4,"href":"https:\/\/focotocantinense.com.br\/index.php?rest_route=\/wp\/v2\/posts\/6135\/revisions"}],"predecessor-version":[{"id":6142,"href":"https:\/\/focotocantinense.com.br\/index.php?rest_route=\/wp\/v2\/posts\/6135\/revisions\/6142"}],"wp:featuredmedia":[{"embeddable":true,"href":"https:\/\/focotocantinense.com.br\/index.php?rest_route=\/wp\/v2\/media\/6139"}],"wp:attachment":[{"href":"https:\/\/focotocantinense.com.br\/index.php?rest_route=%2Fwp%2Fv2%2Fmedia&parent=6135"}],"wp:term":[{"taxonomy":"category","embeddable":true,"href":"https:\/\/focotocantinense.com.br\/index.php?rest_route=%2Fwp%2Fv2%2Fcategories&post=6135"},{"taxonomy":"post_tag","embeddable":true,"href":"https:\/\/focotocantinense.com.br\/index.php?rest_route=%2Fwp%2Fv2%2Ftags&post=6135"}],"curies":[{"name":"wp","href":"https:\/\/api.w.org\/{rel}","templated":true}]}}