{"id":6124,"date":"2023-10-17T20:17:23","date_gmt":"2023-10-17T23:17:23","guid":{"rendered":"https:\/\/focotocantinense.com.br\/?p=6124"},"modified":"2023-10-17T20:20:10","modified_gmt":"2023-10-17T23:20:10","slug":"audiencia-publica-na-camara-dos-deputados-debatera-a-importancia-da-formacao-superior-em-jornalismo","status":"publish","type":"post","link":"https:\/\/focotocantinense.com.br\/?p=6124","title":{"rendered":"Audi\u00eancia P\u00fablica na C\u00e2mara dos Deputados debater\u00e1 a import\u00e2ncia da forma\u00e7\u00e3o superior em Jornalismo"},"content":{"rendered":"\n<p>A Comiss\u00e3o de Comunica\u00e7\u00e3o da C\u00e2mara dos Deputados realizar\u00e1, no dia 26 de outubro, \u00e0s 14h, no Plen\u00e1rio 11 do Anexo II, audi\u00eancia p\u00fablica para debater \u201cA import\u00e2ncia da forma\u00e7\u00e3o superior para o exerc\u00edcio do jornalismo\u201d. O requerimento \u00e9 de autoria do deputado federal Amaro Neto (Republicanos\/ES), jornalista por forma\u00e7\u00e3o, que atendeu solicita\u00e7\u00e3o da Federa\u00e7\u00e3o Nacional dos Jornalistas (FENAJ).<\/p>\n\n\n\n<p>Para o parlamentar, \u201ca forma\u00e7\u00e3o em Jornalismo \u00e9 considerada essencial para a pr\u00e1tica profissional porque \u00e9 por meio dela que se aprendem as din\u00e2micas e os conhecimentos necess\u00e1rios para atuar no campo jornal\u00edstico\u201d. Amaro Neto assinala em sua justificativa que \u201cquest\u00f5es como o dom\u00ednio das pr\u00e1ticas e o estudo da \u00e9tica s\u00e3o produzidas, refletidas e articuladas na academia, que objetiva formar profissionais para a presta\u00e7\u00e3o de servi\u00e7os de qualidade \u00e0 sociedade\u201d.<\/p>\n\n\n\n<p>\u201cO diploma profissional para atuar no campo Jornal\u00edstico \u00e9 considerado fundamental pelos profissionais e estudantes envolvidos nesse processo, visto que ele \u00e9 o documento que, por excel\u00eancia, legitima os jornalistas a se inserirem de maneira direta \u2013 e com qualidade \u2013 nas \u00e1reas de atua\u00e7\u00e3o\u201d, pontua o parlamentar, que j\u00e1 declarou apoio \u00e0 aprova\u00e7\u00e3o da Proposta de Emenda Constitucional 206\/2012 pela C\u00e2mara.<\/p>\n\n\n\n<p><strong>Ocupa Bras\u00edlia pelo Diploma<\/strong><\/p>\n\n\n\n<p>A audi\u00eancia p\u00fablica ser\u00e1 o ponto alto do 2\u00ba Ocupa Bras\u00edlia, movimento que vai reunir dirigentes das FENAJ e dos Sindicatos de Jornalistas filiados, de 24 a 26 de outubro, na Capital federal. A exemplo da primeira atividade, realizada em abril, a Federa\u00e7\u00e3o quer sensibilizar o Legislativo para a corre\u00e7\u00e3o do erro hist\u00f3rico cometido pelo Supremo Tribunal Federal (STF), em 2009, que acabou com o \u00fanico crit\u00e9rio de acesso \u00e0 profiss\u00e3o no pa\u00eds.<\/p>\n\n\n\n<p>\u201cA ideia \u00e9 cumprir uma agenda de atividades na C\u00e2mara dos Deputados e em alguns minist\u00e9rios, para dialogar sobre a necessidade de aprova\u00e7\u00e3o da PEC do Diploma\u201d, afirma a presidenta da FENAJ, Samira de Castro. De acordo com ela, os representantes dos Sindicatos tamb\u00e9m far\u00e3o reuni\u00f5es com as bancadas federais de seus estados.<\/p>\n\n\n\n<figure class=\"wp-block-image size-full\"><img loading=\"lazy\" decoding=\"async\" width=\"974\" height=\"520\" src=\"https:\/\/focotocantinense.com.br\/wp-content\/uploads\/2023\/10\/aaa-1.jpg\" alt=\"\" class=\"wp-image-6125\" srcset=\"https:\/\/focotocantinense.com.br\/wp-content\/uploads\/2023\/10\/aaa-1.jpg 974w, https:\/\/focotocantinense.com.br\/wp-content\/uploads\/2023\/10\/aaa-1-300x160.jpg 300w, https:\/\/focotocantinense.com.br\/wp-content\/uploads\/2023\/10\/aaa-1-768x410.jpg 768w, https:\/\/focotocantinense.com.br\/wp-content\/uploads\/2023\/10\/aaa-1-310x165.jpg 310w\" sizes=\"auto, (max-width: 974px) 100vw, 974px\" \/><\/figure>\n\n\n\n<p>.<\/p>\n\n\n\n<figure class=\"wp-block-image size-full\"><img loading=\"lazy\" decoding=\"async\" width=\"640\" height=\"193\" src=\"https:\/\/focotocantinense.com.br\/wp-content\/uploads\/2023\/10\/VINI-2.jpg\" alt=\"\" class=\"wp-image-6131\" srcset=\"https:\/\/focotocantinense.com.br\/wp-content\/uploads\/2023\/10\/VINI-2.jpg 640w, https:\/\/focotocantinense.com.br\/wp-content\/uploads\/2023\/10\/VINI-2-300x90.jpg 300w\" sizes=\"auto, (max-width: 640px) 100vw, 640px\" \/><\/figure>\n","protected":false},"excerpt":{"rendered":"<p>A Comiss\u00e3o de Comunica\u00e7\u00e3o da C\u00e2mara dos Deputados realizar\u00e1, no dia 26 de outubro, \u00e0s 14h, no Plen\u00e1rio 11 do Anexo II, audi\u00eancia p\u00fablica para debater \u201cA import\u00e2ncia da forma\u00e7\u00e3o superior para o exerc\u00edcio do jornalismo\u201d. O requerimento \u00e9 de autoria do deputado federal Amaro Neto (Republicanos\/ES), jornalista por forma\u00e7\u00e3o, que atendeu solicita\u00e7\u00e3o da Federa\u00e7\u00e3o &hellip;<\/p>\n","protected":false},"author":5,"featured_media":6125,"comment_status":"open","ping_status":"open","sticky":false,"template":"","format":"standard","meta":{"footnotes":""},"categories":[38],"tags":[],"class_list":["post-6124","post","type-post","status-publish","format-standard","has-post-thumbnail","","category-gurupi"],"_links":{"self":[{"href":"https:\/\/focotocantinense.com.br\/index.php?rest_route=\/wp\/v2\/posts\/6124","targetHints":{"allow":["GET"]}}],"collection":[{"href":"https:\/\/focotocantinense.com.br\/index.php?rest_route=\/wp\/v2\/posts"}],"about":[{"href":"https:\/\/focotocantinense.com.br\/index.php?rest_route=\/wp\/v2\/types\/post"}],"author":[{"embeddable":true,"href":"https:\/\/focotocantinense.com.br\/index.php?rest_route=\/wp\/v2\/users\/5"}],"replies":[{"embeddable":true,"href":"https:\/\/focotocantinense.com.br\/index.php?rest_route=%2Fwp%2Fv2%2Fcomments&post=6124"}],"version-history":[{"count":6,"href":"https:\/\/focotocantinense.com.br\/index.php?rest_route=\/wp\/v2\/posts\/6124\/revisions"}],"predecessor-version":[{"id":6134,"href":"https:\/\/focotocantinense.com.br\/index.php?rest_route=\/wp\/v2\/posts\/6124\/revisions\/6134"}],"wp:featuredmedia":[{"embeddable":true,"href":"https:\/\/focotocantinense.com.br\/index.php?rest_route=\/wp\/v2\/media\/6125"}],"wp:attachment":[{"href":"https:\/\/focotocantinense.com.br\/index.php?rest_route=%2Fwp%2Fv2%2Fmedia&parent=6124"}],"wp:term":[{"taxonomy":"category","embeddable":true,"href":"https:\/\/focotocantinense.com.br\/index.php?rest_route=%2Fwp%2Fv2%2Fcategories&post=6124"},{"taxonomy":"post_tag","embeddable":true,"href":"https:\/\/focotocantinense.com.br\/index.php?rest_route=%2Fwp%2Fv2%2Ftags&post=6124"}],"curies":[{"name":"wp","href":"https:\/\/api.w.org\/{rel}","templated":true}]}}