{"id":6118,"date":"2023-10-11T17:24:27","date_gmt":"2023-10-11T20:24:27","guid":{"rendered":"https:\/\/focotocantinense.com.br\/?p=6118"},"modified":"2023-10-11T17:25:33","modified_gmt":"2023-10-11T20:25:33","slug":"deputado-gutierres-propoe-a-criacao-da-semana-da-mulher-rural-no-tocantins","status":"publish","type":"post","link":"https:\/\/focotocantinense.com.br\/?p=6118","title":{"rendered":"Deputado Gutierres prop\u00f5e a cria\u00e7\u00e3o da Semana da Mulher Rural no Tocantins"},"content":{"rendered":"\n<p>Em uma iniciativa voltada para reconhecer e fortalecer o papel vital das mulheres no agroneg\u00f3cio e na agricultura familiar, o Deputado Gutierres Torquato apresentou, nesta quarta-feira, 11, um Projeto de Lei (PL) propondo a institui\u00e7\u00e3o da Semana da Mulher Rural no Estado do Tocantins. De acordo com o PL, a Semana da Mulher Rural ser\u00e1 realizada anualmente na terceira semana do m\u00eas de outubro, culminando no dia 15 de outubro, que ser\u00e1 oficialmente reconhecido como o Dia da Mulher Rural no estado.<\/p>\n\n\n\n<p>O Projeto de Lei estabelece diversas diretrizes para a Semana da Mulher Rural, incluindo a valoriza\u00e7\u00e3o da mulher na agricultura, a promo\u00e7\u00e3o de cursos de capacita\u00e7\u00e3o t\u00e9cnica, a implementa\u00e7\u00e3o de pol\u00edticas p\u00fablicas espec\u00edficas para mulheres no agroneg\u00f3cio, o est\u00edmulo \u00e0 cria\u00e7\u00e3o de grupos e cooperativas de trabalho rural liderados por mulheres, al\u00e9m de eventos voltados para a sa\u00fade e bem-estar das mulheres envolvidas na agricultura.<\/p>\n\n\n\n<p>Durante a Semana da Mulher Rural, est\u00e3o previstas atividades como palestras, semin\u00e1rios, oficinas e outros eventos que visam educar, capacitar e promover o empoderamento das mulheres rurais. Com o Projeto de Lei aprovado, a iniciativa ter\u00e1 um impacto significativo no reconhecimento e apoio \u00e0s mulheres que desempenham um papel fundamental na agricultura familiar do Estado do Tocantins.<\/p>\n\n\n\n<figure class=\"wp-block-image size-full is-resized\"><img loading=\"lazy\" decoding=\"async\" src=\"https:\/\/focotocantinense.com.br\/wp-content\/uploads\/2023\/10\/BBBBBBBB.jpg\" alt=\"\" class=\"wp-image-6121\" style=\"width:404px;height:257px\" width=\"404\" height=\"257\" srcset=\"https:\/\/focotocantinense.com.br\/wp-content\/uploads\/2023\/10\/BBBBBBBB.jpg 611w, https:\/\/focotocantinense.com.br\/wp-content\/uploads\/2023\/10\/BBBBBBBB-300x191.jpg 300w\" sizes=\"auto, (max-width: 404px) 100vw, 404px\" \/><\/figure>\n\n\n\n<figure class=\"wp-block-image size-full\"><img loading=\"lazy\" decoding=\"async\" width=\"640\" height=\"193\" src=\"https:\/\/focotocantinense.com.br\/wp-content\/uploads\/2023\/10\/VINI-1.jpg\" alt=\"\" class=\"wp-image-6086\" srcset=\"https:\/\/focotocantinense.com.br\/wp-content\/uploads\/2023\/10\/VINI-1.jpg 640w, https:\/\/focotocantinense.com.br\/wp-content\/uploads\/2023\/10\/VINI-1-300x90.jpg 300w\" sizes=\"auto, (max-width: 640px) 100vw, 640px\" \/><\/figure>\n","protected":false},"excerpt":{"rendered":"<p>Em uma iniciativa voltada para reconhecer e fortalecer o papel vital das mulheres no agroneg\u00f3cio e na agricultura familiar, o Deputado Gutierres Torquato apresentou, nesta quarta-feira, 11, um Projeto de Lei (PL) propondo a institui\u00e7\u00e3o da Semana da Mulher Rural no Estado do Tocantins. De acordo com o PL, a Semana da Mulher Rural ser\u00e1 &hellip;<\/p>\n","protected":false},"author":5,"featured_media":6119,"comment_status":"open","ping_status":"open","sticky":false,"template":"","format":"standard","meta":{"footnotes":""},"categories":[114],"tags":[],"class_list":["post-6118","post","type-post","status-publish","format-standard","has-post-thumbnail","","category-agronegocio"],"_links":{"self":[{"href":"https:\/\/focotocantinense.com.br\/index.php?rest_route=\/wp\/v2\/posts\/6118","targetHints":{"allow":["GET"]}}],"collection":[{"href":"https:\/\/focotocantinense.com.br\/index.php?rest_route=\/wp\/v2\/posts"}],"about":[{"href":"https:\/\/focotocantinense.com.br\/index.php?rest_route=\/wp\/v2\/types\/post"}],"author":[{"embeddable":true,"href":"https:\/\/focotocantinense.com.br\/index.php?rest_route=\/wp\/v2\/users\/5"}],"replies":[{"embeddable":true,"href":"https:\/\/focotocantinense.com.br\/index.php?rest_route=%2Fwp%2Fv2%2Fcomments&post=6118"}],"version-history":[{"count":3,"href":"https:\/\/focotocantinense.com.br\/index.php?rest_route=\/wp\/v2\/posts\/6118\/revisions"}],"predecessor-version":[{"id":6123,"href":"https:\/\/focotocantinense.com.br\/index.php?rest_route=\/wp\/v2\/posts\/6118\/revisions\/6123"}],"wp:featuredmedia":[{"embeddable":true,"href":"https:\/\/focotocantinense.com.br\/index.php?rest_route=\/wp\/v2\/media\/6119"}],"wp:attachment":[{"href":"https:\/\/focotocantinense.com.br\/index.php?rest_route=%2Fwp%2Fv2%2Fmedia&parent=6118"}],"wp:term":[{"taxonomy":"category","embeddable":true,"href":"https:\/\/focotocantinense.com.br\/index.php?rest_route=%2Fwp%2Fv2%2Fcategories&post=6118"},{"taxonomy":"post_tag","embeddable":true,"href":"https:\/\/focotocantinense.com.br\/index.php?rest_route=%2Fwp%2Fv2%2Ftags&post=6118"}],"curies":[{"name":"wp","href":"https:\/\/api.w.org\/{rel}","templated":true}]}}