{"id":6113,"date":"2023-10-11T12:48:41","date_gmt":"2023-10-11T15:48:41","guid":{"rendered":"https:\/\/focotocantinense.com.br\/?p=6113"},"modified":"2023-10-11T12:49:23","modified_gmt":"2023-10-11T15:49:23","slug":"stj-confirma-a-autonomia-da-unirg-na-adocao-de-procedimento-ordinario-para-revalidacao-de-diplomas","status":"publish","type":"post","link":"https:\/\/focotocantinense.com.br\/?p=6113","title":{"rendered":"STJ confirma a autonomia da UnirG na ado\u00e7\u00e3o de procedimento ordin\u00e1rio para revalida\u00e7\u00e3o de diplomas"},"content":{"rendered":"\n<p>O Ministro do Superior Tribunal de Justi\u00e7a Francisco Falc\u00e3o emitiu ontem, 10, duas decis\u00f5es em favor da Universidade de Gurupi \u2013 UnirG, reafirmando a autonomia universit\u00e1ria no processo de Revalida\u00e7\u00e3o de Diplomas de gradua\u00e7\u00e3o em Medicina, expedidos por Institui\u00e7\u00f5es de Ensino Estrangeiras. O Ministro destacou que, \u201cconforme a Lei de Diretrizes e Bases da Educa\u00e7\u00e3o e na Lei n. 13.959\/2019, n\u00e3o se vislumbra, por parte das institui\u00e7\u00f5es p\u00fablicas de ensino, quaisquer ilegalidades na ado\u00e7\u00e3o de procedimento ordin\u00e1rio para revalida\u00e7\u00e3o de diploma de Medicina obtido no estrangeiro, em detrimento ao procedimento simplificado\u201d.<\/p>\n\n\n\n<p>Ainda segundo Falc\u00e3o, n\u00e3o compete ao Poder Judici\u00e1rio intervir no crit\u00e9rio a ser adotado no processo de revalida\u00e7\u00e3o de diplomas. Isso poderia, de forma arbitr\u00e1ria, \u201cinterferir em suas atividades discricion\u00e1rias, decorrentes de exerc\u00edcio de compet\u00eancia pr\u00f3pria\u201d.<\/p>\n\n\n\n<p>Para o Ministro, as decis\u00f5es judiciais que concederam o direito aos candidatos a ingressarem no processo de revalida\u00e7\u00e3o pela via simplificada (sem realiza\u00e7\u00e3o de prova) onerou somente a Universidade de Gurupi, \u201cque teve que se adaptar \u00e0 determina\u00e7\u00e3o adotando procedimento diverso al\u00e9m daquele j\u00e1 adotado em sua norma interna\u201d.<\/p>\n\n\n\n<p>Segundo a Reitora da UnirG, Dr\u00aa Sara Falc\u00e3o, a decis\u00e3o do Ministro demonstra que, \u201cdesde o princ\u00edpio, houve legalidade nos atos praticados pela UnirG, no \u00e2mbito de suas normas internas, ao lan\u00e7ar somente edital para revalida\u00e7\u00e3o ordin\u00e1ria. Dessa forma, n\u00e3o h\u00e1 qualquer ilegalidade ao n\u00e3o optar pelo procedimento simplificado, n\u00e3o havendo assim risco para a Institui\u00e7\u00e3o no que se refere a pagamento de multas ou eventuais a\u00e7\u00f5es de indeniza\u00e7\u00e3o por dano moral ou material\u201d.<\/p>\n\n\n\n<p><\/p>\n\n\n\n<p><strong>Termo de acordo<\/strong><\/p>\n\n\n\n<p>O Conselho Acad\u00eamico Superior&nbsp;da UnirG (Consup) aprovou ontem, 11, os crit\u00e9rios para a celebra\u00e7\u00e3o de um acordo entre a UnirG e revalidandos (via simplificada \u2013 sub judice).<\/p>\n\n\n\n<p>Est\u00e3o previstas duas modalidades de acordo:<\/p>\n\n\n\n<p>I &#8211; Valida\u00e7\u00e3o do tempo de servi\u00e7o vinculado aos Programas Mais M\u00e9dicos e\/ou M\u00e9dicos pelo Brasil do Governo Federal;<\/p>\n\n\n\n<p>II &#8211; Realiza\u00e7\u00e3o de estudos de complementa\u00e7\u00e3o por tempo n\u00e3o inferior de 06 (seis) meses;<\/p>\n\n\n\n<p>A resolu\u00e7\u00e3o com as normativas para o acordo ser\u00e1 publicada nos pr\u00f3ximos dias no site da UnirG.<\/p>\n\n\n\n<figure class=\"wp-block-image size-large\"><img loading=\"lazy\" decoding=\"async\" width=\"1024\" height=\"513\" src=\"https:\/\/focotocantinense.com.br\/wp-content\/uploads\/2023\/10\/UNIRG-FACHADA-CAMPUS-1-1024x513.jpg\" alt=\"\" class=\"wp-image-6114\" srcset=\"https:\/\/focotocantinense.com.br\/wp-content\/uploads\/2023\/10\/UNIRG-FACHADA-CAMPUS-1-1024x513.jpg 1024w, https:\/\/focotocantinense.com.br\/wp-content\/uploads\/2023\/10\/UNIRG-FACHADA-CAMPUS-1-300x150.jpg 300w, https:\/\/focotocantinense.com.br\/wp-content\/uploads\/2023\/10\/UNIRG-FACHADA-CAMPUS-1-768x385.jpg 768w, https:\/\/focotocantinense.com.br\/wp-content\/uploads\/2023\/10\/UNIRG-FACHADA-CAMPUS-1-660x330.jpg 660w, https:\/\/focotocantinense.com.br\/wp-content\/uploads\/2023\/10\/UNIRG-FACHADA-CAMPUS-1.jpg 1043w\" sizes=\"auto, (max-width: 1024px) 100vw, 1024px\" \/><\/figure>\n\n\n\n<p>.<\/p>\n\n\n\n<p>.<\/p>\n\n\n\n<p><\/p>\n\n\n\n<figure class=\"wp-block-image\"><img decoding=\"async\" src=\"http:\/\/n1to.com.br\/img\/uploads\/VINI_164.jpg\" alt=\"\"\/><\/figure>\n","protected":false},"excerpt":{"rendered":"<p>O Ministro do Superior Tribunal de Justi\u00e7a Francisco Falc\u00e3o emitiu ontem, 10, duas decis\u00f5es em favor da Universidade de Gurupi \u2013 UnirG, reafirmando a autonomia universit\u00e1ria no processo de Revalida\u00e7\u00e3o de Diplomas de gradua\u00e7\u00e3o em Medicina, expedidos por Institui\u00e7\u00f5es de Ensino Estrangeiras. O Ministro destacou que, \u201cconforme a Lei de Diretrizes e Bases da Educa\u00e7\u00e3o &hellip;<\/p>\n","protected":false},"author":5,"featured_media":6114,"comment_status":"open","ping_status":"open","sticky":false,"template":"","format":"standard","meta":{"footnotes":""},"categories":[38],"tags":[],"class_list":["post-6113","post","type-post","status-publish","format-standard","has-post-thumbnail","","category-gurupi"],"_links":{"self":[{"href":"https:\/\/focotocantinense.com.br\/index.php?rest_route=\/wp\/v2\/posts\/6113","targetHints":{"allow":["GET"]}}],"collection":[{"href":"https:\/\/focotocantinense.com.br\/index.php?rest_route=\/wp\/v2\/posts"}],"about":[{"href":"https:\/\/focotocantinense.com.br\/index.php?rest_route=\/wp\/v2\/types\/post"}],"author":[{"embeddable":true,"href":"https:\/\/focotocantinense.com.br\/index.php?rest_route=\/wp\/v2\/users\/5"}],"replies":[{"embeddable":true,"href":"https:\/\/focotocantinense.com.br\/index.php?rest_route=%2Fwp%2Fv2%2Fcomments&post=6113"}],"version-history":[{"count":3,"href":"https:\/\/focotocantinense.com.br\/index.php?rest_route=\/wp\/v2\/posts\/6113\/revisions"}],"predecessor-version":[{"id":6117,"href":"https:\/\/focotocantinense.com.br\/index.php?rest_route=\/wp\/v2\/posts\/6113\/revisions\/6117"}],"wp:featuredmedia":[{"embeddable":true,"href":"https:\/\/focotocantinense.com.br\/index.php?rest_route=\/wp\/v2\/media\/6114"}],"wp:attachment":[{"href":"https:\/\/focotocantinense.com.br\/index.php?rest_route=%2Fwp%2Fv2%2Fmedia&parent=6113"}],"wp:term":[{"taxonomy":"category","embeddable":true,"href":"https:\/\/focotocantinense.com.br\/index.php?rest_route=%2Fwp%2Fv2%2Fcategories&post=6113"},{"taxonomy":"post_tag","embeddable":true,"href":"https:\/\/focotocantinense.com.br\/index.php?rest_route=%2Fwp%2Fv2%2Ftags&post=6113"}],"curies":[{"name":"wp","href":"https:\/\/api.w.org\/{rel}","templated":true}]}}