{"id":6110,"date":"2023-10-11T10:54:57","date_gmt":"2023-10-11T13:54:57","guid":{"rendered":"https:\/\/focotocantinense.com.br\/?p=6110"},"modified":"2023-10-11T10:54:58","modified_gmt":"2023-10-11T13:54:58","slug":"deputado-federal-antonio-andrade-recebe-secretario-de-saude-do-tocantins-em-brasilia","status":"publish","type":"post","link":"https:\/\/focotocantinense.com.br\/?p=6110","title":{"rendered":"Deputado Federal Antonio Andrade recebe secret\u00e1rio de sa\u00fade do Tocantins em Bras\u00edlia"},"content":{"rendered":"\n<p>Nesta ter\u00e7a-feira (10\/10), o deputado federal Antonio Andrade recebeu em seu gabinete em Bras\u00edlia uma visita especial: o secret\u00e1rio de sa\u00fade do estado do Tocantins, Carlos J\u00fanior. A reuni\u00e3o teve como objetivo discutir quest\u00f5es relacionadas \u00e0 sa\u00fade p\u00fablica no estado e buscar parcerias para melhorar a assist\u00eancia m\u00e9dica e a infraestrutura hospitalar em Tocantins.<\/p>\n\n\n\n<p>A reuni\u00e3o foi marcada por um clima de coopera\u00e7\u00e3o e compromisso m\u00fatuo em busca de solu\u00e7\u00f5es para os desafios enfrentados pelo sistema de sa\u00fade do estado. O deputado, que sempre se destacou por sua atua\u00e7\u00e3o em prol da melhoria das condi\u00e7\u00f5es de sa\u00fade no estado, expressou seu entusiasmo em colaborar com a pasta da sa\u00fade.<\/p>\n\n\n\n<p>O parlamentar destacou a import\u00e2ncia de buscar recursos e investimentos para expandir a rede de sa\u00fade e garantir um atendimento de qualidade \u00e0 popula\u00e7\u00e3o tocantinense. Ele enfatizou a necessidade de melhorar a infraestrutura hospitalar e a capacita\u00e7\u00e3o dos profissionais de sa\u00fade como passos fundamentais para esse processo.<\/p>\n\n\n\n<p>Por sua vez, o secret\u00e1rio de sa\u00fade Carlos J\u00fanior, apresentou um panorama das principais demandas e desafios enfrentados pelo sistema de sa\u00fade estadual. Ele ressaltou a import\u00e2ncia da parceria com o deputado e a necessidade de trabalhar em conjunto para superar essas dificuldades.<\/p>\n\n\n\n<p>Durante a reuni\u00e3o, foram discutidas poss\u00edveis emendas parlamentares e projetos de lei que poderiam beneficiar a sa\u00fade em Tocantins. \u201cFiz um compromisso em apoiar iniciativas que visem melhorar o atendimento \u00e0 popula\u00e7\u00e3o e a garantir que recursos federais sejam destinados de forma eficaz para o sistema de sa\u00fade do nosso querido Tocantins\u201d, disse Andrade.<\/p>\n\n\n\n<p>Ao final do encontro, tanto o deputado quanto o secret\u00e1rio expressaram otimismo em rela\u00e7\u00e3o \u00e0s perspectivas de colabora\u00e7\u00e3o e \u00e0 busca de solu\u00e7\u00f5es para os desafios da sa\u00fade em Tocantins. Eles concordaram em continuar trabalhando juntos em prol do bem-estar da popula\u00e7\u00e3o do estado e em fortalecer a parceria entre o poder legislativo e o executivo em benef\u00edcio da sa\u00fade p\u00fablica.<\/p>\n\n\n\n<p>Assessoria de Comunica\u00e7\u00e3o \u2013 Deputado Federal Antonio Andrade<\/p>\n","protected":false},"excerpt":{"rendered":"<p>Nesta ter\u00e7a-feira (10\/10), o deputado federal Antonio Andrade recebeu em seu gabinete em Bras\u00edlia uma visita especial: o secret\u00e1rio de sa\u00fade do estado do Tocantins, Carlos J\u00fanior. A reuni\u00e3o teve como objetivo discutir quest\u00f5es relacionadas \u00e0 sa\u00fade p\u00fablica no estado e buscar parcerias para melhorar a assist\u00eancia m\u00e9dica e a infraestrutura hospitalar em Tocantins. A &hellip;<\/p>\n","protected":false},"author":5,"featured_media":6111,"comment_status":"open","ping_status":"open","sticky":false,"template":"","format":"standard","meta":{"footnotes":""},"categories":[1],"tags":[],"class_list":["post-6110","post","type-post","status-publish","format-standard","has-post-thumbnail","","category-sem-categoria"],"_links":{"self":[{"href":"https:\/\/focotocantinense.com.br\/index.php?rest_route=\/wp\/v2\/posts\/6110","targetHints":{"allow":["GET"]}}],"collection":[{"href":"https:\/\/focotocantinense.com.br\/index.php?rest_route=\/wp\/v2\/posts"}],"about":[{"href":"https:\/\/focotocantinense.com.br\/index.php?rest_route=\/wp\/v2\/types\/post"}],"author":[{"embeddable":true,"href":"https:\/\/focotocantinense.com.br\/index.php?rest_route=\/wp\/v2\/users\/5"}],"replies":[{"embeddable":true,"href":"https:\/\/focotocantinense.com.br\/index.php?rest_route=%2Fwp%2Fv2%2Fcomments&post=6110"}],"version-history":[{"count":1,"href":"https:\/\/focotocantinense.com.br\/index.php?rest_route=\/wp\/v2\/posts\/6110\/revisions"}],"predecessor-version":[{"id":6112,"href":"https:\/\/focotocantinense.com.br\/index.php?rest_route=\/wp\/v2\/posts\/6110\/revisions\/6112"}],"wp:featuredmedia":[{"embeddable":true,"href":"https:\/\/focotocantinense.com.br\/index.php?rest_route=\/wp\/v2\/media\/6111"}],"wp:attachment":[{"href":"https:\/\/focotocantinense.com.br\/index.php?rest_route=%2Fwp%2Fv2%2Fmedia&parent=6110"}],"wp:term":[{"taxonomy":"category","embeddable":true,"href":"https:\/\/focotocantinense.com.br\/index.php?rest_route=%2Fwp%2Fv2%2Fcategories&post=6110"},{"taxonomy":"post_tag","embeddable":true,"href":"https:\/\/focotocantinense.com.br\/index.php?rest_route=%2Fwp%2Fv2%2Ftags&post=6110"}],"curies":[{"name":"wp","href":"https:\/\/api.w.org\/{rel}","templated":true}]}}