{"id":6106,"date":"2023-10-09T08:35:26","date_gmt":"2023-10-09T11:35:26","guid":{"rendered":"https:\/\/focotocantinense.com.br\/?p=6106"},"modified":"2023-10-09T08:35:27","modified_gmt":"2023-10-09T11:35:27","slug":"antonio-andrade-se-reune-com-representantes-da-associacao-de-desenvolvimento-comunitario-de-luzimangues","status":"publish","type":"post","link":"https:\/\/focotocantinense.com.br\/?p=6106","title":{"rendered":"Antonio Andrade se re\u00fane com representantes da Associa\u00e7\u00e3o de Desenvolvimento Comunit\u00e1rio de Luzimangues"},"content":{"rendered":"\n<p>O encontro tamb\u00e9m contou com a participa\u00e7\u00e3o de empres\u00e1rios, agricultores e profissionais liberais<\/p>\n\n\n\n<p>O deputado federal Antonio Andrade, esteve neste domingo, 8 de outubro, em um almo\u00e7o promovido pela agricultora, Concei\u00e7\u00e3o Kreuscher, em sua propriedade que fica localizada no distrito de Luzimangues. Na ocasi\u00e3o, a anfitri\u00e3 apresentou requerimentos ao parlamentar solicitando servi\u00e7os que atendam \u00e0s necessidades dos moradores.<\/p>\n\n\n\n<p>Antonio Andrade ouviu atentamente todos os apontamentos, e em seu discurso garantiu trabalhar com seriedade e comprometimento para atender \u00e0s reivindica\u00e7\u00f5es apresentadas na reuni\u00e3o. \u201cLuzimangues \u00e9 um lugar promissor, de gente honesta e trabalhadora, enquanto parlamentar meu dever \u00e9 buscar a solu\u00e7\u00e3o para os problemas que afligem \u00e0 popula\u00e7\u00e3o, e neste sentido tenho trabalhado diuturnamente\u201d, enfatizou.<\/p>\n\n\n\n<p>Estiveram presentes no evento o deputado federal Antonio Andrade, o secret\u00e1rio executivo da Seagro, Soares Filho; a ex-prefeita de Palmas; Nilmar Ruiz; o presidente da Associa\u00e7\u00e3o de Desenvolvimento Comunit\u00e1rio de Luzimangues (ADCL); Julio C\u00e9sar; al\u00e9m de empres\u00e1rios, agricultores e profissionais liberais.<\/p>\n\n\n\n<p>Assessoria de Comunica\u00e7\u00e3o \u2013 Deputado Federal Antonio Andrade<\/p>\n","protected":false},"excerpt":{"rendered":"<p>O encontro tamb\u00e9m contou com a participa\u00e7\u00e3o de empres\u00e1rios, agricultores e profissionais liberais O deputado federal Antonio Andrade, esteve neste domingo, 8 de outubro, em um almo\u00e7o promovido pela agricultora, Concei\u00e7\u00e3o Kreuscher, em sua propriedade que fica localizada no distrito de Luzimangues. Na ocasi\u00e3o, a anfitri\u00e3 apresentou requerimentos ao parlamentar solicitando servi\u00e7os que atendam \u00e0s &hellip;<\/p>\n","protected":false},"author":5,"featured_media":6107,"comment_status":"open","ping_status":"open","sticky":false,"template":"","format":"standard","meta":{"footnotes":""},"categories":[1],"tags":[],"class_list":["post-6106","post","type-post","status-publish","format-standard","has-post-thumbnail","","category-sem-categoria"],"_links":{"self":[{"href":"https:\/\/focotocantinense.com.br\/index.php?rest_route=\/wp\/v2\/posts\/6106","targetHints":{"allow":["GET"]}}],"collection":[{"href":"https:\/\/focotocantinense.com.br\/index.php?rest_route=\/wp\/v2\/posts"}],"about":[{"href":"https:\/\/focotocantinense.com.br\/index.php?rest_route=\/wp\/v2\/types\/post"}],"author":[{"embeddable":true,"href":"https:\/\/focotocantinense.com.br\/index.php?rest_route=\/wp\/v2\/users\/5"}],"replies":[{"embeddable":true,"href":"https:\/\/focotocantinense.com.br\/index.php?rest_route=%2Fwp%2Fv2%2Fcomments&post=6106"}],"version-history":[{"count":1,"href":"https:\/\/focotocantinense.com.br\/index.php?rest_route=\/wp\/v2\/posts\/6106\/revisions"}],"predecessor-version":[{"id":6108,"href":"https:\/\/focotocantinense.com.br\/index.php?rest_route=\/wp\/v2\/posts\/6106\/revisions\/6108"}],"wp:featuredmedia":[{"embeddable":true,"href":"https:\/\/focotocantinense.com.br\/index.php?rest_route=\/wp\/v2\/media\/6107"}],"wp:attachment":[{"href":"https:\/\/focotocantinense.com.br\/index.php?rest_route=%2Fwp%2Fv2%2Fmedia&parent=6106"}],"wp:term":[{"taxonomy":"category","embeddable":true,"href":"https:\/\/focotocantinense.com.br\/index.php?rest_route=%2Fwp%2Fv2%2Fcategories&post=6106"},{"taxonomy":"post_tag","embeddable":true,"href":"https:\/\/focotocantinense.com.br\/index.php?rest_route=%2Fwp%2Fv2%2Ftags&post=6106"}],"curies":[{"name":"wp","href":"https:\/\/api.w.org\/{rel}","templated":true}]}}