{"id":6102,"date":"2023-10-06T07:25:47","date_gmt":"2023-10-06T10:25:47","guid":{"rendered":"https:\/\/focotocantinense.com.br\/?p=6102"},"modified":"2023-10-06T07:25:47","modified_gmt":"2023-10-06T10:25:47","slug":"antonio-andrade-entrega-veiculo-0-km-para-patrulhamento-rural-em-porto-nacional","status":"publish","type":"post","link":"https:\/\/focotocantinense.com.br\/?p=6102","title":{"rendered":"Antonio Andrade entrega ve\u00edculo 0 km para Patrulhamento Rural em Porto Nacional"},"content":{"rendered":"\n<p>A viatura ser\u00e1 essencial no importante trabalho que a Pol\u00edcia Militar realizar\u00e1 no combate ao crime no campo<\/p>\n\n\n\n<p>Com emenda do deputado federal, Antonio Andrade (Republicanos), Porto Nacional foi contemplada com um ve\u00edculo 0 km, entregue \u00e0 Pol\u00edcia Militar na manh\u00e3 desta quarta-feira, 4 de outubro, durante comemora\u00e7\u00f5es do anivers\u00e1rio de 35 anos do Tocantins na cidade.<\/p>\n\n\n\n<p>A viatura novinha ser\u00e1 utilizada para a realiza\u00e7\u00e3o da Patrulha Rural, uma demanda antiga da popula\u00e7\u00e3o que reside nas regi\u00f5es mais distantes da zona urbana do munic\u00edpio.<\/p>\n\n\n\n<p>A solenidade de entrega contou com a presen\u00e7a do governador Wanderlei Barbosa, que destacou o empenho do deputado Antonio Andrade em buscar melhorias para Porto Nacional. \u201cO trabalho que o Antonio Andrade faz por Porto Nacional \u00e9 admir\u00e1vel, por isso nossa parceria tem sido exitosa, o prop\u00f3sito maior \u00e9 o bem-estar da popula\u00e7\u00e3o\u201d, enfatizou.<\/p>\n\n\n\n<p>Em entrevista, o deputado enfatizou que a zona rural n\u00e3o estar\u00e1 mais esquecida, e que a aquisi\u00e7\u00e3o da viatura para atua\u00e7\u00e3o da Pol\u00edcia Militar \u00e9 a realiza\u00e7\u00e3o de um sonho dos produtores rurais e das pessoas que vivem no campo.<\/p>\n\n\n\n<p>Em entrevista, Antonio Andrade destacou: \u201cA emenda na ordem de R$ 280.000 para aquisi\u00e7\u00e3o do ve\u00edculo foi destinada quando eu ainda era deputado estadual. Felizmente, em uma somat\u00f3ria de esfor\u00e7os conseguimos realizar essa entrega t\u00e3o importante e sonhada por muitos. Essa conquista ir\u00e1 oportunizar aos cidad\u00e3os que vivem na zona rural contar com a prote\u00e7\u00e3o que a Pol\u00edcia Militar pode oferecer\u201d, pontuou o parlamentar.<\/p>\n\n\n\n<p>Durante o evento, o deputado tamb\u00e9m parabenizou e prestou homenagens \u00e0 policiais veteranos que dedicaram suas vidas para proteger a popula\u00e7\u00e3o.<\/p>\n\n\n\n<p>Assessoria de Comunica\u00e7\u00e3o \u2013 Deputado Federal Antonio Andrade<\/p>\n","protected":false},"excerpt":{"rendered":"<p>A viatura ser\u00e1 essencial no importante trabalho que a Pol\u00edcia Militar realizar\u00e1 no combate ao crime no campo Com emenda do deputado federal, Antonio Andrade (Republicanos), Porto Nacional foi contemplada com um ve\u00edculo 0 km, entregue \u00e0 Pol\u00edcia Militar na manh\u00e3 desta quarta-feira, 4 de outubro, durante comemora\u00e7\u00f5es do anivers\u00e1rio de 35 anos do Tocantins &hellip;<\/p>\n","protected":false},"author":5,"featured_media":6103,"comment_status":"open","ping_status":"open","sticky":false,"template":"","format":"standard","meta":{"footnotes":""},"categories":[1],"tags":[],"class_list":["post-6102","post","type-post","status-publish","format-standard","has-post-thumbnail","","category-sem-categoria"],"_links":{"self":[{"href":"https:\/\/focotocantinense.com.br\/index.php?rest_route=\/wp\/v2\/posts\/6102","targetHints":{"allow":["GET"]}}],"collection":[{"href":"https:\/\/focotocantinense.com.br\/index.php?rest_route=\/wp\/v2\/posts"}],"about":[{"href":"https:\/\/focotocantinense.com.br\/index.php?rest_route=\/wp\/v2\/types\/post"}],"author":[{"embeddable":true,"href":"https:\/\/focotocantinense.com.br\/index.php?rest_route=\/wp\/v2\/users\/5"}],"replies":[{"embeddable":true,"href":"https:\/\/focotocantinense.com.br\/index.php?rest_route=%2Fwp%2Fv2%2Fcomments&post=6102"}],"version-history":[{"count":1,"href":"https:\/\/focotocantinense.com.br\/index.php?rest_route=\/wp\/v2\/posts\/6102\/revisions"}],"predecessor-version":[{"id":6104,"href":"https:\/\/focotocantinense.com.br\/index.php?rest_route=\/wp\/v2\/posts\/6102\/revisions\/6104"}],"wp:featuredmedia":[{"embeddable":true,"href":"https:\/\/focotocantinense.com.br\/index.php?rest_route=\/wp\/v2\/media\/6103"}],"wp:attachment":[{"href":"https:\/\/focotocantinense.com.br\/index.php?rest_route=%2Fwp%2Fv2%2Fmedia&parent=6102"}],"wp:term":[{"taxonomy":"category","embeddable":true,"href":"https:\/\/focotocantinense.com.br\/index.php?rest_route=%2Fwp%2Fv2%2Fcategories&post=6102"},{"taxonomy":"post_tag","embeddable":true,"href":"https:\/\/focotocantinense.com.br\/index.php?rest_route=%2Fwp%2Fv2%2Ftags&post=6102"}],"curies":[{"name":"wp","href":"https:\/\/api.w.org\/{rel}","templated":true}]}}