{"id":6091,"date":"2023-10-05T19:34:02","date_gmt":"2023-10-05T22:34:02","guid":{"rendered":"https:\/\/focotocantinense.com.br\/?p=6091"},"modified":"2023-10-05T19:37:34","modified_gmt":"2023-10-05T22:37:34","slug":"projeto-leitura-viva-leva-roda-de-conversa-com-o-poeta-zacarias-martins-para-escola-da-zona-rural-de-tocantinia","status":"publish","type":"post","link":"https:\/\/focotocantinense.com.br\/?p=6091","title":{"rendered":"Projeto Leitura Viva leva roda de conversa com o poeta Zacarias Martins para escola da zona rural de Tocant\u00ednia"},"content":{"rendered":"\n<p>A Prefeitura de Tocant\u00ednia, por meio da Secretaria Municipal de Educa\u00e7\u00e3o (Semed), promoveu na manh\u00e3 desta quinta-feira, dia 05, uma Roda de Conversa Liter\u00e1ria com o poeta, jornalista e ativista cultural Zacarias Martins.<\/p>\n\n\n\n<p>Os contemplados com essa a\u00e7\u00e3o foram os alunos da Escola Municipal Ana Alves Brito, localizada no Povoado de Palminha, e integra o leque de atividades inseridas no Projeto Leitura Viva de incentivo \u00e0 leitura e a produ\u00e7\u00e3o textual.<\/p>\n\n\n\n<p>Na oportunidade, os alunos puderam conhecer um pouco mais do universo liter\u00e1rio deste autor tocantinense, que possui seis livros de poesias j\u00e1 publicados, al\u00e9m de um de cr\u00f4nicas e um outro, destinado ao p\u00fablico infantil.<\/p>\n\n\n\n<figure class=\"wp-block-image size-full is-resized\"><img loading=\"lazy\" decoding=\"async\" src=\"https:\/\/focotocantinense.com.br\/wp-content\/uploads\/2023\/10\/POETA-ZACARIAS-MARTINS-FAZ-RODA-DE-CONVERSA-COM-ALUNOS-DE-TOCANTINIA.jpg\" alt=\"\" class=\"wp-image-6092\" style=\"width:838px;height:472px\" width=\"838\" height=\"472\" srcset=\"https:\/\/focotocantinense.com.br\/wp-content\/uploads\/2023\/10\/POETA-ZACARIAS-MARTINS-FAZ-RODA-DE-CONVERSA-COM-ALUNOS-DE-TOCANTINIA.jpg 1024w, https:\/\/focotocantinense.com.br\/wp-content\/uploads\/2023\/10\/POETA-ZACARIAS-MARTINS-FAZ-RODA-DE-CONVERSA-COM-ALUNOS-DE-TOCANTINIA-300x169.jpg 300w, https:\/\/focotocantinense.com.br\/wp-content\/uploads\/2023\/10\/POETA-ZACARIAS-MARTINS-FAZ-RODA-DE-CONVERSA-COM-ALUNOS-DE-TOCANTINIA-768x432.jpg 768w\" sizes=\"auto, (max-width: 838px) 100vw, 838px\" \/><\/figure>\n\n\n\n<p><\/p>\n\n\n\n<p><strong>Autor peculiar<\/strong><\/p>\n\n\n\n<p>O secret\u00e1rio de Educa\u00e7\u00e3o de Tocant\u00ednia, professor Andr\u00e9 Goveia, que acompanhou o autor at\u00e9 a unidade escolar, disse que \u00e9 sempre gratificante esse contato do poeta com os alunos.<\/p>\n\n\n\n<p>\u201c\u00c9 uma experi\u00eancia enriquecedora, especialmente, pelo fato de Zacarias Martins ser um dos grandes expoentes da literatura tocantinense, um autor premiado nacionalmente e que tem uma maneira toda peculiar de transmitir conhecimento de forma l\u00fadica e bem atrativa para os alunos\u201d, afirmou o secret\u00e1rio.<\/p>\n\n\n\n<p>J\u00e1 a professora Maria Eliza Souza Moura, gestora da unidade escolar, disse que ficou muito honrada com a presen\u00e7a ilustre do poeta em sua escola.<\/p>\n\n\n\n<p>\u201cFoi um momento \u00edmpar, de muita intera\u00e7\u00e3o entre o poeta e os alunos. Na verdade, foi uma aula diferenciada, onde todos tiveram a oportunidade de adquirir novos conhecimentos que ser\u00e3o muito \u00fateis na vida futura desses alunos. Agrade\u00e7o muito pela presen\u00e7a deste ilustre escritor Zacarias Martins em nossa escola, e espero que ele volte mais vezes\u201d, destacou a gestora.<\/p>\n\n\n\n<figure class=\"wp-block-image size-full\"><img loading=\"lazy\" decoding=\"async\" width=\"475\" height=\"356\" src=\"https:\/\/focotocantinense.com.br\/wp-content\/uploads\/2023\/10\/image.png\" alt=\"\" class=\"wp-image-6095\" srcset=\"https:\/\/focotocantinense.com.br\/wp-content\/uploads\/2023\/10\/image.png 475w, https:\/\/focotocantinense.com.br\/wp-content\/uploads\/2023\/10\/image-300x225.png 300w\" sizes=\"auto, (max-width: 475px) 100vw, 475px\" \/><\/figure>\n\n\n\n<p><\/p>\n\n\n\n<p><strong>Projeto Leitura Viva<\/strong><\/p>\n\n\n\n<p>O secret\u00e1rio de Educa\u00e7\u00e3o, Andr\u00e9 Goveia, explica que Projeto Leitura Viva ,busca proporcionar aos alunos e a comunidade em geral momentos agrad\u00e1veis de leitura, conta\u00e7\u00e3o de hist\u00f3rias, causos, cantigas de rodas, recita\u00e7\u00e3o de poesias e muito conhecimento, especialmente, por meio de palestras e rodas de leitura com autores tocantinenses consagrados.<\/p>\n\n\n\n<p>\u201cEssa a\u00e7\u00e3o \u00e9 t\u00e3o significativa na promo\u00e7\u00e3o de um olhar no despertar dos valores culturais, atrav\u00e9s da viv\u00eancia familiar, social e pessoal. Entendemos que o conhecimento \u00e9 transformador da perspectiva do leitor para o mundo\u201d, finalizou o secret\u00e1rio de Educa\u00e7\u00e3o.<\/p>\n\n\n\n<figure class=\"wp-block-image size-large\"><img loading=\"lazy\" decoding=\"async\" width=\"1024\" height=\"514\" src=\"https:\/\/focotocantinense.com.br\/wp-content\/uploads\/2023\/10\/8-Poeta-Zacarias-Martins-participa-de-Roda-de-Convesa-em-Escola-Municipal-de-Palminha-1024x514.jpg\" alt=\"\" class=\"wp-image-6099\" srcset=\"https:\/\/focotocantinense.com.br\/wp-content\/uploads\/2023\/10\/8-Poeta-Zacarias-Martins-participa-de-Roda-de-Convesa-em-Escola-Municipal-de-Palminha-1024x514.jpg 1024w, https:\/\/focotocantinense.com.br\/wp-content\/uploads\/2023\/10\/8-Poeta-Zacarias-Martins-participa-de-Roda-de-Convesa-em-Escola-Municipal-de-Palminha-300x151.jpg 300w, https:\/\/focotocantinense.com.br\/wp-content\/uploads\/2023\/10\/8-Poeta-Zacarias-Martins-participa-de-Roda-de-Convesa-em-Escola-Municipal-de-Palminha-768x386.jpg 768w, https:\/\/focotocantinense.com.br\/wp-content\/uploads\/2023\/10\/8-Poeta-Zacarias-Martins-participa-de-Roda-de-Convesa-em-Escola-Municipal-de-Palminha-660x330.jpg 660w, https:\/\/focotocantinense.com.br\/wp-content\/uploads\/2023\/10\/8-Poeta-Zacarias-Martins-participa-de-Roda-de-Convesa-em-Escola-Municipal-de-Palminha.jpg 1047w\" sizes=\"auto, (max-width: 1024px) 100vw, 1024px\" \/><\/figure>\n\n\n\n<figure class=\"wp-block-image\"><img decoding=\"async\" src=\"blob:https:\/\/focotocantinense.com.br\/d0a96960-9274-46d1-83a1-e5f0dd1ee21d\" alt=\"\"\/><\/figure>\n\n\n\n<p><\/p>\n\n\n\n<p><\/p>\n\n\n\n<figure class=\"wp-block-image size-full\"><img loading=\"lazy\" decoding=\"async\" width=\"640\" height=\"193\" src=\"https:\/\/focotocantinense.com.br\/wp-content\/uploads\/2023\/10\/VINI-1.jpg\" alt=\"\" class=\"wp-image-6086\" srcset=\"https:\/\/focotocantinense.com.br\/wp-content\/uploads\/2023\/10\/VINI-1.jpg 640w, https:\/\/focotocantinense.com.br\/wp-content\/uploads\/2023\/10\/VINI-1-300x90.jpg 300w\" sizes=\"auto, (max-width: 640px) 100vw, 640px\" \/><\/figure>\n","protected":false},"excerpt":{"rendered":"<p>A Prefeitura de Tocant\u00ednia, por meio da Secretaria Municipal de Educa\u00e7\u00e3o (Semed), promoveu na manh\u00e3 desta quinta-feira, dia 05, uma Roda de Conversa Liter\u00e1ria com o poeta, jornalista e ativista cultural Zacarias Martins. Os contemplados com essa a\u00e7\u00e3o foram os alunos da Escola Municipal Ana Alves Brito, localizada no Povoado de Palminha, e integra o &hellip;<\/p>\n","protected":false},"author":5,"featured_media":6092,"comment_status":"open","ping_status":"open","sticky":false,"template":"","format":"standard","meta":{"footnotes":""},"categories":[78],"tags":[],"class_list":["post-6091","post","type-post","status-publish","format-standard","has-post-thumbnail","","category-tocantinia"],"_links":{"self":[{"href":"https:\/\/focotocantinense.com.br\/index.php?rest_route=\/wp\/v2\/posts\/6091","targetHints":{"allow":["GET"]}}],"collection":[{"href":"https:\/\/focotocantinense.com.br\/index.php?rest_route=\/wp\/v2\/posts"}],"about":[{"href":"https:\/\/focotocantinense.com.br\/index.php?rest_route=\/wp\/v2\/types\/post"}],"author":[{"embeddable":true,"href":"https:\/\/focotocantinense.com.br\/index.php?rest_route=\/wp\/v2\/users\/5"}],"replies":[{"embeddable":true,"href":"https:\/\/focotocantinense.com.br\/index.php?rest_route=%2Fwp%2Fv2%2Fcomments&post=6091"}],"version-history":[{"count":5,"href":"https:\/\/focotocantinense.com.br\/index.php?rest_route=\/wp\/v2\/posts\/6091\/revisions"}],"predecessor-version":[{"id":6101,"href":"https:\/\/focotocantinense.com.br\/index.php?rest_route=\/wp\/v2\/posts\/6091\/revisions\/6101"}],"wp:featuredmedia":[{"embeddable":true,"href":"https:\/\/focotocantinense.com.br\/index.php?rest_route=\/wp\/v2\/media\/6092"}],"wp:attachment":[{"href":"https:\/\/focotocantinense.com.br\/index.php?rest_route=%2Fwp%2Fv2%2Fmedia&parent=6091"}],"wp:term":[{"taxonomy":"category","embeddable":true,"href":"https:\/\/focotocantinense.com.br\/index.php?rest_route=%2Fwp%2Fv2%2Fcategories&post=6091"},{"taxonomy":"post_tag","embeddable":true,"href":"https:\/\/focotocantinense.com.br\/index.php?rest_route=%2Fwp%2Fv2%2Ftags&post=6091"}],"curies":[{"name":"wp","href":"https:\/\/api.w.org\/{rel}","templated":true}]}}