{"id":6084,"date":"2023-10-04T17:28:09","date_gmt":"2023-10-04T20:28:09","guid":{"rendered":"https:\/\/focotocantinense.com.br\/?p=6084"},"modified":"2023-10-04T17:40:09","modified_gmt":"2023-10-04T20:40:09","slug":"artesanato-gurupiense-participam-e-exposto-na-fenacce-em-fortaleza-ce","status":"publish","type":"post","link":"https:\/\/focotocantinense.com.br\/?p=6084","title":{"rendered":"Artesanato gurupiense participam \u00e9 exposto na Fenacce, em Fortaleza (CE)"},"content":{"rendered":"\n<p>O artesanato gurupiense chamou aten\u00e7\u00e3o na feira, Feira Nacional de Artesanato e Cultura (Fenacce), em Fortaleza (CE).<\/p>\n\n\n\n<p>Para a presidente da Associa\u00e7\u00e3o Gurupiense dos Artes\u00e3os, Maria do Socorro, \u00e9 muito importante para o artesanato produzido na nossa cidade participar de uma exposi\u00e7\u00e3o em n\u00edvel nacional. Mostramos mais uma vez que nosso artesanato \u00e9 forte, finalizou a presidente.<\/p>\n\n\n\n<p><strong>Fenacce<\/strong><\/p>\n\n\n\n<p>A Feira Nacional de Artesanato e Cultura re\u00fane artes\u00e3os de diversas partes do Brasil. Al\u00e9m do artesanato cearense, o evento possibilita a participa\u00e7\u00e3o de outros estados, uma a\u00e7\u00e3o que acontece atrav\u00e9s do Programa do Artesanato Brasileiro (PAB), que tem como objetivo incentivar o desenvolvimento econ\u00f4mico e social dos artes\u00e3os. Em 2023, a Fenacce chegou a sua 5\u00aa edi\u00e7\u00e3o.<\/p>\n\n\n\n<figure class=\"wp-block-image size-full is-resized\"><img loading=\"lazy\" decoding=\"async\" src=\"https:\/\/focotocantinense.com.br\/wp-content\/uploads\/2023\/10\/aaaaaaaaaaaaaaaaaaaaaaaaaaa-1.jpg\" alt=\"\" class=\"wp-image-6087\" style=\"width:403px;height:202px\" width=\"403\" height=\"202\" srcset=\"https:\/\/focotocantinense.com.br\/wp-content\/uploads\/2023\/10\/aaaaaaaaaaaaaaaaaaaaaaaaaaa-1.jpg 800w, https:\/\/focotocantinense.com.br\/wp-content\/uploads\/2023\/10\/aaaaaaaaaaaaaaaaaaaaaaaaaaa-1-300x150.jpg 300w, https:\/\/focotocantinense.com.br\/wp-content\/uploads\/2023\/10\/aaaaaaaaaaaaaaaaaaaaaaaaaaa-1-768x384.jpg 768w, https:\/\/focotocantinense.com.br\/wp-content\/uploads\/2023\/10\/aaaaaaaaaaaaaaaaaaaaaaaaaaa-1-660x330.jpg 660w\" sizes=\"auto, (max-width: 403px) 100vw, 403px\" \/><\/figure>\n\n\n\n<p><strong><em>A presidente da Associa\u00e7\u00e3o Gurupiense dos Artes\u00e3os, Maria do Socorro esteve presente nesse evento.<\/em><\/strong><\/p>\n\n\n\n<p><\/p>\n\n\n\n<figure class=\"wp-block-image size-full\"><img loading=\"lazy\" decoding=\"async\" width=\"640\" height=\"193\" src=\"https:\/\/focotocantinense.com.br\/wp-content\/uploads\/2023\/10\/VINI-1.jpg\" alt=\"\" class=\"wp-image-6086\" srcset=\"https:\/\/focotocantinense.com.br\/wp-content\/uploads\/2023\/10\/VINI-1.jpg 640w, https:\/\/focotocantinense.com.br\/wp-content\/uploads\/2023\/10\/VINI-1-300x90.jpg 300w\" sizes=\"auto, (max-width: 640px) 100vw, 640px\" \/><\/figure>\n","protected":false},"excerpt":{"rendered":"<p>O artesanato gurupiense chamou aten\u00e7\u00e3o na feira, Feira Nacional de Artesanato e Cultura (Fenacce), em Fortaleza (CE). Para a presidente da Associa\u00e7\u00e3o Gurupiense dos Artes\u00e3os, Maria do Socorro, \u00e9 muito importante para o artesanato produzido na nossa cidade participar de uma exposi\u00e7\u00e3o em n\u00edvel nacional. Mostramos mais uma vez que nosso artesanato \u00e9 forte, finalizou &hellip;<\/p>\n","protected":false},"author":5,"featured_media":6085,"comment_status":"open","ping_status":"open","sticky":false,"template":"","format":"standard","meta":{"footnotes":""},"categories":[38],"tags":[],"class_list":["post-6084","post","type-post","status-publish","format-standard","has-post-thumbnail","","category-gurupi"],"_links":{"self":[{"href":"https:\/\/focotocantinense.com.br\/index.php?rest_route=\/wp\/v2\/posts\/6084","targetHints":{"allow":["GET"]}}],"collection":[{"href":"https:\/\/focotocantinense.com.br\/index.php?rest_route=\/wp\/v2\/posts"}],"about":[{"href":"https:\/\/focotocantinense.com.br\/index.php?rest_route=\/wp\/v2\/types\/post"}],"author":[{"embeddable":true,"href":"https:\/\/focotocantinense.com.br\/index.php?rest_route=\/wp\/v2\/users\/5"}],"replies":[{"embeddable":true,"href":"https:\/\/focotocantinense.com.br\/index.php?rest_route=%2Fwp%2Fv2%2Fcomments&post=6084"}],"version-history":[{"count":3,"href":"https:\/\/focotocantinense.com.br\/index.php?rest_route=\/wp\/v2\/posts\/6084\/revisions"}],"predecessor-version":[{"id":6090,"href":"https:\/\/focotocantinense.com.br\/index.php?rest_route=\/wp\/v2\/posts\/6084\/revisions\/6090"}],"wp:featuredmedia":[{"embeddable":true,"href":"https:\/\/focotocantinense.com.br\/index.php?rest_route=\/wp\/v2\/media\/6085"}],"wp:attachment":[{"href":"https:\/\/focotocantinense.com.br\/index.php?rest_route=%2Fwp%2Fv2%2Fmedia&parent=6084"}],"wp:term":[{"taxonomy":"category","embeddable":true,"href":"https:\/\/focotocantinense.com.br\/index.php?rest_route=%2Fwp%2Fv2%2Fcategories&post=6084"},{"taxonomy":"post_tag","embeddable":true,"href":"https:\/\/focotocantinense.com.br\/index.php?rest_route=%2Fwp%2Fv2%2Ftags&post=6084"}],"curies":[{"name":"wp","href":"https:\/\/api.w.org\/{rel}","templated":true}]}}