{"id":6081,"date":"2023-10-04T11:40:50","date_gmt":"2023-10-04T14:40:50","guid":{"rendered":"https:\/\/focotocantinense.com.br\/?p=6081"},"modified":"2023-10-04T11:40:50","modified_gmt":"2023-10-04T14:40:50","slug":"em-porto-nacional-deputado-antonio-andrade-prestigia-com-governador-wanderlei-barbosa-desfile-civico-em-homenagem-aos-35-anos-do-tocantins","status":"publish","type":"post","link":"https:\/\/focotocantinense.com.br\/?p=6081","title":{"rendered":"Em Porto Nacional, deputado Antonio Andrade prestigia com governador Wanderlei Barbosa desfile c\u00edvico em homenagem aos 35 anos do Tocantins"},"content":{"rendered":"\n<p>Um grande p\u00fablico acompanhou a solenidade realizada na Pra\u00e7a do Centen\u00e1rio<\/p>\n\n\n\n<p>O Tocantins comemora 35 anos de emancipa\u00e7\u00e3o pol\u00edtica nesta quinta-feira, 5. E em alus\u00e3o a essa data especial, Porto Porto Nacional foi palco de desfile c\u00edvico na manh\u00e3 desta quarta-feira, 4 de outubro. O evento atraiu um grande p\u00fablico, incluindo pol\u00edticos, autoridades e a popula\u00e7\u00e3o local, lotando a Pra\u00e7a do Centen\u00e1rio numa verdadeira demonstra\u00e7\u00e3o de amor ao nosso Estado.<\/p>\n\n\n\n<p>A Pol\u00edcia Militar foi uma das protagonistas da cerim\u00f4nia, tornando a ocasi\u00e3o marcante e fortalecendo o esp\u00edrito c\u00edvico da popula\u00e7\u00e3o da cidade.<\/p>\n\n\n\n<p>Presente no desfile, Antonio Andrade falou da emo\u00e7\u00e3o em participar com a popula\u00e7\u00e3o desse momento marcante e festivo para o Tocantins. \u201c\u00c9 motivo de grande alegria estar participando dessa celebra\u00e7\u00e3o t\u00e3o importante com o nosso povo portuense, e ao lado do governador Wanderlei Barbosa que \u00e9 um gestor respons\u00e1vel e compromissado. Celebrar o nosso legado hist\u00f3rico e cultural tocantinense \u00e9 uma grande honra, s\u00e3o muitas conquistas ao longo do tempo, e o melhor est\u00e1 por vir, afinal, o Tocantins \u00e9 a terra das oportunidades. Parab\u00e9ns ao Tocantins e a todos os tocantinenses\u201d, destacou.<\/p>\n\n\n\n<p>Assessoria de Comunica\u00e7\u00e3o \u2013 Deputado Federal Antonio Andrade<\/p>\n","protected":false},"excerpt":{"rendered":"<p>Um grande p\u00fablico acompanhou a solenidade realizada na Pra\u00e7a do Centen\u00e1rio O Tocantins comemora 35 anos de emancipa\u00e7\u00e3o pol\u00edtica nesta quinta-feira, 5. E em alus\u00e3o a essa data especial, Porto Porto Nacional foi palco de desfile c\u00edvico na manh\u00e3 desta quarta-feira, 4 de outubro. O evento atraiu um grande p\u00fablico, incluindo pol\u00edticos, autoridades e a &hellip;<\/p>\n","protected":false},"author":5,"featured_media":6082,"comment_status":"open","ping_status":"open","sticky":false,"template":"","format":"standard","meta":{"footnotes":""},"categories":[1],"tags":[],"class_list":["post-6081","post","type-post","status-publish","format-standard","has-post-thumbnail","","category-sem-categoria"],"_links":{"self":[{"href":"https:\/\/focotocantinense.com.br\/index.php?rest_route=\/wp\/v2\/posts\/6081","targetHints":{"allow":["GET"]}}],"collection":[{"href":"https:\/\/focotocantinense.com.br\/index.php?rest_route=\/wp\/v2\/posts"}],"about":[{"href":"https:\/\/focotocantinense.com.br\/index.php?rest_route=\/wp\/v2\/types\/post"}],"author":[{"embeddable":true,"href":"https:\/\/focotocantinense.com.br\/index.php?rest_route=\/wp\/v2\/users\/5"}],"replies":[{"embeddable":true,"href":"https:\/\/focotocantinense.com.br\/index.php?rest_route=%2Fwp%2Fv2%2Fcomments&post=6081"}],"version-history":[{"count":1,"href":"https:\/\/focotocantinense.com.br\/index.php?rest_route=\/wp\/v2\/posts\/6081\/revisions"}],"predecessor-version":[{"id":6083,"href":"https:\/\/focotocantinense.com.br\/index.php?rest_route=\/wp\/v2\/posts\/6081\/revisions\/6083"}],"wp:featuredmedia":[{"embeddable":true,"href":"https:\/\/focotocantinense.com.br\/index.php?rest_route=\/wp\/v2\/media\/6082"}],"wp:attachment":[{"href":"https:\/\/focotocantinense.com.br\/index.php?rest_route=%2Fwp%2Fv2%2Fmedia&parent=6081"}],"wp:term":[{"taxonomy":"category","embeddable":true,"href":"https:\/\/focotocantinense.com.br\/index.php?rest_route=%2Fwp%2Fv2%2Fcategories&post=6081"},{"taxonomy":"post_tag","embeddable":true,"href":"https:\/\/focotocantinense.com.br\/index.php?rest_route=%2Fwp%2Fv2%2Ftags&post=6081"}],"curies":[{"name":"wp","href":"https:\/\/api.w.org\/{rel}","templated":true}]}}