{"id":6072,"date":"2023-10-04T09:48:40","date_gmt":"2023-10-04T12:48:40","guid":{"rendered":"https:\/\/focotocantinense.com.br\/?p=6072"},"modified":"2023-10-04T09:48:40","modified_gmt":"2023-10-04T12:48:40","slug":"com-recurso-proprio-prefeitura-de-alvorada-investe-r-4-milhoes-em-construcao-de-casas-populares-cadastro-de-familias-comecam-nesta-quarta-04","status":"publish","type":"post","link":"https:\/\/focotocantinense.com.br\/?p=6072","title":{"rendered":"Com recurso pr\u00f3prio, Prefeitura de Alvorada investe R$ 4 milh\u00f5es em constru\u00e7\u00e3o de casas populares. Cadastro de fam\u00edlias come\u00e7am nesta quarta (04)"},"content":{"rendered":"\n<p>O Prefeito de Alvorada do Tocantins, Paulo Ant\u00f4nio, autorizou a Prefeitura, por meio da Secretaria de Assist\u00eancia Social, Trabalho e Habita\u00e7\u00e3o, inicia o cadastro de fam\u00edlias, interessadas no programa Habitacional de Alvorada. O Mun\u00edcipio investiu R$ 4 milh\u00f5es, na constru\u00e7\u00e3o de 60 casas populares, no Setor Santa \u00c2ngela. Diferente de boa parte de cidades, do Brasil, que dependem de verba federal, a gest\u00e3o de Alvorada fez todas as unidades habitacionais, com recursos pr\u00f3prios. A previs\u00e3o \u00e9 que as moradias sejam entregues at\u00e9 o fim desse m\u00eas.<\/p>\n\n\n\n<p>Segundo o prefeito, o resultado \u00e9 o reflexo do trabalho em equipe, de uma administra\u00e7\u00e3o que tem investido atrav\u00e9s de recursos pr\u00f3prios, levando cada vez mais benef\u00edcios a comunidade. \u201cEstamos felizes com mais esse passo importante. Moradia \u00e9 um direito de todos e trabalhamos cada vez mais, para que, o d\u00e9ficit habitacional seja reduzido em nossa cidade\u201d, destacou o Prefeito.<\/p>\n\n\n\n<p>Segundo Secretaria de Assist\u00eancia Social, trabalho e Habita\u00e7\u00e3o, os cadastros iniciam nesta quarta-feira (04) e v\u00e3o at\u00e9 a pr\u00f3xima sexta-feira (06). Os interessados em participar, devem procurar o Centro de Refer\u00eancia da Assist\u00eancia Social (CRAS) da cidade, que estar\u00e1 aberto das 07h30 \u00e0s 12h e das 13h \u00e0s 18h. Os documentos que devem ser entregues s\u00e3o: RG; CPF, Certid\u00e3o de casamento ou nascimento; T\u00edtulo de eleitor; Comprovante de endere\u00e7o; certid\u00e3o de nascimento dos filhos e comprovante de renda. As c\u00f3pias dos documentos ser\u00e3o feitos no pr\u00f3prios CRAS.<\/p>\n\n\n\n<p>Reportagem Clifiton Morais <\/p>\n","protected":false},"excerpt":{"rendered":"<p>O Prefeito de Alvorada do Tocantins, Paulo Ant\u00f4nio, autorizou a Prefeitura, por meio da Secretaria de Assist\u00eancia Social, Trabalho e Habita\u00e7\u00e3o, inicia o cadastro de fam\u00edlias, interessadas no programa Habitacional de Alvorada. O Mun\u00edcipio investiu R$ 4 milh\u00f5es, na constru\u00e7\u00e3o de 60 casas populares, no Setor Santa \u00c2ngela. Diferente de boa parte de cidades, do &hellip;<\/p>\n","protected":false},"author":5,"featured_media":6073,"comment_status":"open","ping_status":"open","sticky":false,"template":"","format":"standard","meta":{"footnotes":""},"categories":[1],"tags":[],"class_list":["post-6072","post","type-post","status-publish","format-standard","has-post-thumbnail","","category-sem-categoria"],"_links":{"self":[{"href":"https:\/\/focotocantinense.com.br\/index.php?rest_route=\/wp\/v2\/posts\/6072","targetHints":{"allow":["GET"]}}],"collection":[{"href":"https:\/\/focotocantinense.com.br\/index.php?rest_route=\/wp\/v2\/posts"}],"about":[{"href":"https:\/\/focotocantinense.com.br\/index.php?rest_route=\/wp\/v2\/types\/post"}],"author":[{"embeddable":true,"href":"https:\/\/focotocantinense.com.br\/index.php?rest_route=\/wp\/v2\/users\/5"}],"replies":[{"embeddable":true,"href":"https:\/\/focotocantinense.com.br\/index.php?rest_route=%2Fwp%2Fv2%2Fcomments&post=6072"}],"version-history":[{"count":1,"href":"https:\/\/focotocantinense.com.br\/index.php?rest_route=\/wp\/v2\/posts\/6072\/revisions"}],"predecessor-version":[{"id":6074,"href":"https:\/\/focotocantinense.com.br\/index.php?rest_route=\/wp\/v2\/posts\/6072\/revisions\/6074"}],"wp:featuredmedia":[{"embeddable":true,"href":"https:\/\/focotocantinense.com.br\/index.php?rest_route=\/wp\/v2\/media\/6073"}],"wp:attachment":[{"href":"https:\/\/focotocantinense.com.br\/index.php?rest_route=%2Fwp%2Fv2%2Fmedia&parent=6072"}],"wp:term":[{"taxonomy":"category","embeddable":true,"href":"https:\/\/focotocantinense.com.br\/index.php?rest_route=%2Fwp%2Fv2%2Fcategories&post=6072"},{"taxonomy":"post_tag","embeddable":true,"href":"https:\/\/focotocantinense.com.br\/index.php?rest_route=%2Fwp%2Fv2%2Ftags&post=6072"}],"curies":[{"name":"wp","href":"https:\/\/api.w.org\/{rel}","templated":true}]}}