{"id":6069,"date":"2023-10-03T20:36:21","date_gmt":"2023-10-03T23:36:21","guid":{"rendered":"https:\/\/focotocantinense.com.br\/?p=6069"},"modified":"2023-10-03T20:36:21","modified_gmt":"2023-10-03T23:36:21","slug":"em-dianopolis-governador-wanderlei-barbosa-autoriza-obras-do-campus-da-unitins-orcadas-em-r-22-milhoes","status":"publish","type":"post","link":"https:\/\/focotocantinense.com.br\/?p=6069","title":{"rendered":"Em Dian\u00f3polis, governador Wanderlei Barbosa autoriza obras do c\u00e2mpus da Unitins, or\u00e7adas em R$ 22 milh\u00f5es"},"content":{"rendered":"\n<p>O c\u00e2mpus da Universidade Estadual do Tocantins (Unitins) come\u00e7a a se tornar realidade para a popula\u00e7\u00e3o de Dian\u00f3polis e da regi\u00e3o sudeste do Estado. A Ordem de Servi\u00e7o para in\u00edcio das obras foi assinada nesta ter\u00e7a-feira, 3, pelo governador Wanderlei Barbosa e pelo reitor da institui\u00e7\u00e3o, Augusto Rezende, em solenidade realizada no Setor Industrial do munic\u00edpio. A obra est\u00e1 or\u00e7ada em R$ 22 milh\u00f5es, recursos oriundos do Tesouro Estadual, e contar\u00e1 com 6 mil m\u00b2 de \u00e1rea constru\u00edda, em uma \u00e1rea de 15 mil m\u00b2.<\/p>\n\n\n\n<p>&#8220;\u00c9 uma obra importante, que ajudar\u00e1 muito no desenvolvimento da regi\u00e3o sudeste. Vai abrigar diversos cursos, qualificar pessoas e tornar nossa comunidade mais competitiva. Temos exemplos de alunos qualificados aqui, imagina eles com uma estrutura com laborat\u00f3rio de inform\u00e1tica,&nbsp;audit\u00f3rio e um ambiente esportivo e cultural. O nosso objetivo \u00e9 descentralizar o ensino superior e agradecemos, ao prefeito Jos\u00e9 Salom\u00e3o e \u00e0 C\u00e2mara, pela doa\u00e7\u00e3o da \u00e1rea&#8221;, destacou o governador do Tocantins, Wanderlei Barbosa.&nbsp;<\/p>\n\n\n\n<p>O prefeito de Dian\u00f3polis, Jos\u00e9 Salom\u00e3o, ressaltou que, no momento em que o Tocantins completa 35 anos, o munic\u00edpio ganha um presente importante. &#8220;Esse c\u00e2mpus, que est\u00e1 com as obras iniciadas, definitivamente consolida a Unitins em Dian\u00f3polis, beneficiando um universo de 100 mil pessoas na regi\u00e3o\u201d, declarou o prefeito, salientando que a Ordem de Servi\u00e7o para in\u00edcio das obras democratiza o acesso ao ensino superior e tem um efeito multiplicador incalcul\u00e1vel, tanto no ponto de vista econ\u00f4mico e social, quanto na gera\u00e7\u00e3o de empregos.&nbsp;<\/p>\n\n\n\n<p>O C\u00e2mpus Dian\u00f3polis ter\u00e1 30 salas de aula, al\u00e9m de laborat\u00f3rio de inform\u00e1tica, biblioteca com 200 m\u00b2, dentro dos padr\u00f5es exigidos pelo Conselho Estadual de Educa\u00e7\u00e3o. A estrutura tamb\u00e9m ter\u00e1 um audit\u00f3rio com capacidade para 150 pessoas, rampas de acessibilidade, cantina, p\u00e1tio coberto, espa\u00e7o de conviv\u00eancia, banheiros adaptados com tudo dentro dos padr\u00f5es arquitet\u00f4nicos mais modernos, priorizando acessibilidade e sustentabilidade, com previs\u00e3o para in\u00edcio das aulas no primeiro semestre de 2025.<\/p>\n\n\n\n<p><strong>Implanta\u00e7\u00e3o<\/strong><\/p>\n\n\n\n<p>A Unitins foi implantada em Dian\u00f3polis em 2014 e funciona, atualmente, em dois pr\u00e9dios, sendo a sede administrativa em pr\u00e9dio cedido do munic\u00edpio e as salas de aulas no Col\u00e9gio Jo\u00e3o D\u2019Abreu (locado pela Institui\u00e7\u00e3o). Atualmente, a institui\u00e7\u00e3o conta com os cursos de Administra\u00e7\u00e3o, Ci\u00eancias Cont\u00e1beis e Direito, com cerca de 850 estudantes.&nbsp;<\/p>\n\n\n\n<p>Com a constru\u00e7\u00e3o da sede pr\u00f3pria, o Governo do Tocantins disponibilizar\u00e1 novas oportunidades para toda a regi\u00e3o sudeste do Estado, ampliando o n\u00famero de vagas, al\u00e9m da possibilidade de implanta\u00e7\u00e3o de novos cursos.<\/p>\n\n\n\n<p><strong>Plano de expans\u00e3o<\/strong><\/p>\n\n\n\n<p>O reitor da Unitins, Augusto Rezende, explicou que esse c\u00e2mpus em Dian\u00f3polis faz parte do plano de expans\u00e3o da Universidade para melhorar as condi\u00e7\u00f5es de acesso ao ensino superior no Estado. &#8220;O Governador entendeu que priorizar a sede da institui\u00e7\u00e3o trar\u00e1 mais conforto para os cursos existentes e tamb\u00e9m a possibilidade de amplia\u00e7\u00e3o de outras \u00e1reas do conhecimento, como sa\u00fade, minera\u00e7\u00e3o e do turismo, que s\u00e3o potenciais da regi\u00e3o sudeste&#8221;, explicou o reitor.&nbsp;<\/p>\n\n\n\n<p>O acad\u00eamico do curso de Direito, Aldemir Santos Dias, afirmou que a Unitins abriu as portas para as pessoas do sudeste do Tocantins. &#8220;Sou de fam\u00edlia simples e humilde, e sei o quanto a Unitins&nbsp;abriu as portas para o povo do sudeste. Ela realiza sonhos e transforma a realidade da regi\u00e3o,&nbsp;esse c\u00e2mpus \u00e9 a materializa\u00e7\u00e3o de um sonho&#8221;, ressaltou.<\/p>\n\n\n\n<p>&#8220;A constru\u00e7\u00e3o desse c\u00e2mpus representa a interioriza\u00e7\u00e3o do ensino superior da Unitins. Dian\u00f3polis sonhou muito com essa universidade que, hoje, \u00e9 uma realidade&#8221;, destacou o professor Tenner Aires Rodrigues.<\/p>\n\n\n\n<p><strong>Visita<\/strong><\/p>\n\n\n\n<p>Na oportunidade, o prefeito Jos\u00e9 Salom\u00e3o acompanhou o Governador em uma r\u00e1pida visita \u00e0s obras de asfaltamento de ruas e \u00e0 avenida do setor Nova Cidade. As obras est\u00e3o sendo realizadas com recursos do Programa de Fortalecimento da Economia e Gera\u00e7\u00e3o de Emprego, que prev\u00ea o repasse de R$ 2 milh\u00f5es aos munic\u00edpios para implanta\u00e7\u00e3o de obras de infraestrutura nos 139 munic\u00edpios do Estado.<\/p>\n\n\n\n<p><strong>Presen\u00e7a<\/strong><\/p>\n\n\n\n<p>A cerim\u00f4nia contou com a presen\u00e7a de prefeitos da regi\u00e3o, do deputado federal Ricardo Ayres, do deputado estadual Gutierres Torquato, vereadores, secret\u00e1rios de Estado, servidores da Unitins e&nbsp;a comunidade.<\/p>\n\n\n\n<p><img decoding=\"async\" src=\"https:\/\/central.to.gov.br\/image\/349705?w=670&amp;h=383\"><\/p>\n\n\n\n<p><em><strong>Obra ter\u00e1 cerca de 6 mil m\u00b2 e dever\u00e1 ser conclu\u00edda em at\u00e9 dezoito meses &#8211; Foto:\u00a0 Esequias Ara\u00fajo\/Governo do Tocantins\u00a0<\/strong><\/em><\/p>\n\n\n\n<figure class=\"wp-block-image\"><img decoding=\"async\" src=\"https:\/\/central.to.gov.br\/image\/349706?w=670&amp;h=383\" alt=\"\"\/><\/figure>\n\n\n\n<p><em><strong>Governador Wanderlei Barbosa destacou a import\u00e2ncia da obra, que ajudar\u00e1 no desenvolvimento da regi\u00e3o sudeste do Tocantins &#8211; Foto: Esequias Ara\u00fajo\/Governo do Tocantins\u00a0<\/strong><\/em><\/p>\n\n\n\n<figure class=\"wp-block-image\"><img decoding=\"async\" src=\"http:\/\/n1to.com.br\/img\/uploads\/VINI_156.jpg\" alt=\"\"\/><\/figure>\n","protected":false},"excerpt":{"rendered":"<p>O c\u00e2mpus da Universidade Estadual do Tocantins (Unitins) come\u00e7a a se tornar realidade para a popula\u00e7\u00e3o de Dian\u00f3polis e da regi\u00e3o sudeste do Estado. A Ordem de Servi\u00e7o para in\u00edcio das obras foi assinada nesta ter\u00e7a-feira, 3, pelo governador Wanderlei Barbosa e pelo reitor da institui\u00e7\u00e3o, Augusto Rezende, em solenidade realizada no Setor Industrial do &hellip;<\/p>\n","protected":false},"author":5,"featured_media":6070,"comment_status":"open","ping_status":"open","sticky":false,"template":"","format":"standard","meta":{"footnotes":""},"categories":[54],"tags":[],"class_list":["post-6069","post","type-post","status-publish","format-standard","has-post-thumbnail","","category-dianopolis"],"_links":{"self":[{"href":"https:\/\/focotocantinense.com.br\/index.php?rest_route=\/wp\/v2\/posts\/6069","targetHints":{"allow":["GET"]}}],"collection":[{"href":"https:\/\/focotocantinense.com.br\/index.php?rest_route=\/wp\/v2\/posts"}],"about":[{"href":"https:\/\/focotocantinense.com.br\/index.php?rest_route=\/wp\/v2\/types\/post"}],"author":[{"embeddable":true,"href":"https:\/\/focotocantinense.com.br\/index.php?rest_route=\/wp\/v2\/users\/5"}],"replies":[{"embeddable":true,"href":"https:\/\/focotocantinense.com.br\/index.php?rest_route=%2Fwp%2Fv2%2Fcomments&post=6069"}],"version-history":[{"count":1,"href":"https:\/\/focotocantinense.com.br\/index.php?rest_route=\/wp\/v2\/posts\/6069\/revisions"}],"predecessor-version":[{"id":6071,"href":"https:\/\/focotocantinense.com.br\/index.php?rest_route=\/wp\/v2\/posts\/6069\/revisions\/6071"}],"wp:featuredmedia":[{"embeddable":true,"href":"https:\/\/focotocantinense.com.br\/index.php?rest_route=\/wp\/v2\/media\/6070"}],"wp:attachment":[{"href":"https:\/\/focotocantinense.com.br\/index.php?rest_route=%2Fwp%2Fv2%2Fmedia&parent=6069"}],"wp:term":[{"taxonomy":"category","embeddable":true,"href":"https:\/\/focotocantinense.com.br\/index.php?rest_route=%2Fwp%2Fv2%2Fcategories&post=6069"},{"taxonomy":"post_tag","embeddable":true,"href":"https:\/\/focotocantinense.com.br\/index.php?rest_route=%2Fwp%2Fv2%2Ftags&post=6069"}],"curies":[{"name":"wp","href":"https:\/\/api.w.org\/{rel}","templated":true}]}}