{"id":6062,"date":"2023-10-03T20:29:48","date_gmt":"2023-10-03T23:29:48","guid":{"rendered":"https:\/\/focotocantinense.com.br\/?p=6062"},"modified":"2023-10-03T20:33:13","modified_gmt":"2023-10-03T23:33:13","slug":"saude-abre-inscricoes-para-curso-sobre-manejo-clinico-de-arboviroses","status":"publish","type":"post","link":"https:\/\/focotocantinense.com.br\/?p=6062","title":{"rendered":"Sa\u00fade abre inscri\u00e7\u00f5es para curso sobre manejo cl\u00ednico de arboviroses"},"content":{"rendered":"\n<p>A Secretaria de Estado da Sa\u00fade (SES-TO) abriu inscri\u00e7\u00f5es do&nbsp;<em>Curso de atualiza\u00e7\u00e3o em vigil\u00e2ncia, diagn\u00f3stico e manejo cl\u00ednico em Arboviroses Urbanas<\/em>, para os profissionais de sa\u00fade que atuam na Aten\u00e7\u00e3o B\u00e1sica, M\u00e9dia e Alta Complexidade, de gest\u00e3o p\u00fablica e privada, dos 139 munic\u00edpios tocantinenses. As inscri\u00e7\u00f5es est\u00e3o abertas at\u00e9 o dia 13 de outubro de 2023.<\/p>\n\n\n\n<p>A a\u00e7\u00e3o coordenada pela Ger\u00eancia de Vigil\u00e2ncia das Arboviroses (GV\/SES-TO) tem o objetivo de atualizar os profissionais de sa\u00fade para um diagn\u00f3stico mais assertivo e o manejo cl\u00ednico adequado dos pacientes com dengue, chikungunya e Zika. O curso ocorre nos dias 19 e 20 de outubro, no audit\u00f3rio do Pal\u00e1cio do Araguaia &nbsp;Governador Jos\u00e9 Wilson Siqueira Campos, na Pra\u00e7a dos Girass\u00f3is, em Palmas.<\/p>\n\n\n\n<figure class=\"wp-block-image size-full is-resized\"><img loading=\"lazy\" decoding=\"async\" src=\"https:\/\/focotocantinense.com.br\/wp-content\/uploads\/2023\/10\/cccc.jpg\" alt=\"\" class=\"wp-image-6063\" style=\"width:409px;height:226px\" width=\"409\" height=\"226\" srcset=\"https:\/\/focotocantinense.com.br\/wp-content\/uploads\/2023\/10\/cccc.jpg 874w, https:\/\/focotocantinense.com.br\/wp-content\/uploads\/2023\/10\/cccc-300x166.jpg 300w, https:\/\/focotocantinense.com.br\/wp-content\/uploads\/2023\/10\/cccc-768x424.jpg 768w\" sizes=\"auto, (max-width: 409px) 100vw, 409px\" \/><\/figure>\n\n\n\n<p><\/p>\n\n\n\n<p><\/p>\n\n\n\n<p><\/p>\n\n\n\n<figure class=\"wp-block-image is-resized\"><img loading=\"lazy\" decoding=\"async\" src=\"http:\/\/n1to.com.br\/img\/uploads\/VINI_156.jpg\" alt=\"\" style=\"width:411px;height:124px\" width=\"411\" height=\"124\"\/><\/figure>\n","protected":false},"excerpt":{"rendered":"<p>A Secretaria de Estado da Sa\u00fade (SES-TO) abriu inscri\u00e7\u00f5es do&nbsp;Curso de atualiza\u00e7\u00e3o em vigil\u00e2ncia, diagn\u00f3stico e manejo cl\u00ednico em Arboviroses Urbanas, para os profissionais de sa\u00fade que atuam na Aten\u00e7\u00e3o B\u00e1sica, M\u00e9dia e Alta Complexidade, de gest\u00e3o p\u00fablica e privada, dos 139 munic\u00edpios tocantinenses. As inscri\u00e7\u00f5es est\u00e3o abertas at\u00e9 o dia 13 de outubro de &hellip;<\/p>\n","protected":false},"author":5,"featured_media":6063,"comment_status":"open","ping_status":"open","sticky":false,"template":"","format":"standard","meta":{"footnotes":""},"categories":[38],"tags":[],"class_list":["post-6062","post","type-post","status-publish","format-standard","has-post-thumbnail","","category-gurupi"],"_links":{"self":[{"href":"https:\/\/focotocantinense.com.br\/index.php?rest_route=\/wp\/v2\/posts\/6062","targetHints":{"allow":["GET"]}}],"collection":[{"href":"https:\/\/focotocantinense.com.br\/index.php?rest_route=\/wp\/v2\/posts"}],"about":[{"href":"https:\/\/focotocantinense.com.br\/index.php?rest_route=\/wp\/v2\/types\/post"}],"author":[{"embeddable":true,"href":"https:\/\/focotocantinense.com.br\/index.php?rest_route=\/wp\/v2\/users\/5"}],"replies":[{"embeddable":true,"href":"https:\/\/focotocantinense.com.br\/index.php?rest_route=%2Fwp%2Fv2%2Fcomments&post=6062"}],"version-history":[{"count":5,"href":"https:\/\/focotocantinense.com.br\/index.php?rest_route=\/wp\/v2\/posts\/6062\/revisions"}],"predecessor-version":[{"id":6068,"href":"https:\/\/focotocantinense.com.br\/index.php?rest_route=\/wp\/v2\/posts\/6062\/revisions\/6068"}],"wp:featuredmedia":[{"embeddable":true,"href":"https:\/\/focotocantinense.com.br\/index.php?rest_route=\/wp\/v2\/media\/6063"}],"wp:attachment":[{"href":"https:\/\/focotocantinense.com.br\/index.php?rest_route=%2Fwp%2Fv2%2Fmedia&parent=6062"}],"wp:term":[{"taxonomy":"category","embeddable":true,"href":"https:\/\/focotocantinense.com.br\/index.php?rest_route=%2Fwp%2Fv2%2Fcategories&post=6062"},{"taxonomy":"post_tag","embeddable":true,"href":"https:\/\/focotocantinense.com.br\/index.php?rest_route=%2Fwp%2Fv2%2Ftags&post=6062"}],"curies":[{"name":"wp","href":"https:\/\/api.w.org\/{rel}","templated":true}]}}