{"id":6059,"date":"2023-10-03T07:28:39","date_gmt":"2023-10-03T10:28:39","guid":{"rendered":"https:\/\/focotocantinense.com.br\/?p=6059"},"modified":"2023-10-03T07:28:39","modified_gmt":"2023-10-03T10:28:39","slug":"deputado-antonio-andrade-participa-da-posse-dos-novos-vereadores-de-porto-nacional","status":"publish","type":"post","link":"https:\/\/focotocantinense.com.br\/?p=6059","title":{"rendered":"Deputado Antonio Andrade participa da posse dos novos vereadores de Porto Nacional"},"content":{"rendered":"\n<p>O parlamentar desejou sorte nessa nova empreitada aos vereadores que assumiram<\/p>\n\n\n\n<p>O m\u00eas de outubro iniciou com novidades na C\u00e2mara de Vereadores de Porto Nacional. Nesta segunda-feira, 02 de setembro, aconteceu a cerim\u00f4nia de posse dos novos vereadores Jo\u00e3o Leite e Geovane dos Santos, que assumem respectivamente as vagas dos titulares, Soares Filho e Joelma do Luzimangues. O vereador Soares Filho deixa o cargo para assumir posi\u00e7\u00e3o de destaque no Governo do Estado, j\u00e1 Joelma do Luzimangues por sua vez, se afastar\u00e1 em raz\u00e3o de um tratamento de sa\u00fade.<\/p>\n\n\n\n<p>A cerim\u00f4nia contou com a presen\u00e7a de diversas autoridades e pol\u00edticos not\u00f3rios do Estado, dentre eles, o deputado federal Antonio Andrade que prestigiou todo o evento.<\/p>\n\n\n\n<p>Na oportunidade, o parlamentar ressaltou que o ideal \u00e9 que sempre haja um di\u00e1logo assertivo e entendimento entre os poderes, tanto executivo quanto legislativo. \u201c\u00c9 fundamental essa proximidade, por isso, a import\u00e2ncia de estarmos aqui nesse momento, fortalecendo o processo democr\u00e1tico e alinhando as discuss\u00f5es que resultar\u00e3o em parcerias para executar com \u00eaxito as a\u00e7\u00f5es que o munic\u00edpio tanto necessita\u201d, concluiu Antonio Andrade.<\/p>\n\n\n\n<p>Assessoria de Comunica\u00e7\u00e3o \u2013 Deputado Federal Antonio Andrade<\/p>\n","protected":false},"excerpt":{"rendered":"<p>O parlamentar desejou sorte nessa nova empreitada aos vereadores que assumiram O m\u00eas de outubro iniciou com novidades na C\u00e2mara de Vereadores de Porto Nacional. Nesta segunda-feira, 02 de setembro, aconteceu a cerim\u00f4nia de posse dos novos vereadores Jo\u00e3o Leite e Geovane dos Santos, que assumem respectivamente as vagas dos titulares, Soares Filho e Joelma &hellip;<\/p>\n","protected":false},"author":5,"featured_media":6060,"comment_status":"open","ping_status":"open","sticky":false,"template":"","format":"standard","meta":{"footnotes":""},"categories":[1],"tags":[],"class_list":["post-6059","post","type-post","status-publish","format-standard","has-post-thumbnail","","category-sem-categoria"],"_links":{"self":[{"href":"https:\/\/focotocantinense.com.br\/index.php?rest_route=\/wp\/v2\/posts\/6059","targetHints":{"allow":["GET"]}}],"collection":[{"href":"https:\/\/focotocantinense.com.br\/index.php?rest_route=\/wp\/v2\/posts"}],"about":[{"href":"https:\/\/focotocantinense.com.br\/index.php?rest_route=\/wp\/v2\/types\/post"}],"author":[{"embeddable":true,"href":"https:\/\/focotocantinense.com.br\/index.php?rest_route=\/wp\/v2\/users\/5"}],"replies":[{"embeddable":true,"href":"https:\/\/focotocantinense.com.br\/index.php?rest_route=%2Fwp%2Fv2%2Fcomments&post=6059"}],"version-history":[{"count":1,"href":"https:\/\/focotocantinense.com.br\/index.php?rest_route=\/wp\/v2\/posts\/6059\/revisions"}],"predecessor-version":[{"id":6061,"href":"https:\/\/focotocantinense.com.br\/index.php?rest_route=\/wp\/v2\/posts\/6059\/revisions\/6061"}],"wp:featuredmedia":[{"embeddable":true,"href":"https:\/\/focotocantinense.com.br\/index.php?rest_route=\/wp\/v2\/media\/6060"}],"wp:attachment":[{"href":"https:\/\/focotocantinense.com.br\/index.php?rest_route=%2Fwp%2Fv2%2Fmedia&parent=6059"}],"wp:term":[{"taxonomy":"category","embeddable":true,"href":"https:\/\/focotocantinense.com.br\/index.php?rest_route=%2Fwp%2Fv2%2Fcategories&post=6059"},{"taxonomy":"post_tag","embeddable":true,"href":"https:\/\/focotocantinense.com.br\/index.php?rest_route=%2Fwp%2Fv2%2Ftags&post=6059"}],"curies":[{"name":"wp","href":"https:\/\/api.w.org\/{rel}","templated":true}]}}