{"id":6056,"date":"2023-10-01T10:36:20","date_gmt":"2023-10-01T13:36:20","guid":{"rendered":"https:\/\/focotocantinense.com.br\/?p=6056"},"modified":"2023-10-01T10:36:21","modified_gmt":"2023-10-01T13:36:21","slug":"pastor-e-deputado-federal-eli-borges-participa-da-marcha-para-jesus-em-gurupi","status":"publish","type":"post","link":"https:\/\/focotocantinense.com.br\/?p=6056","title":{"rendered":"Pastor e Deputado Federal Eli Borges participa da Marcha para Jesus em Gurupi"},"content":{"rendered":"\n<p><strong>Por Jonas Amaral<\/strong><\/p>\n\n\n\n<p>Na tarde ensolarada deste s\u00e1bado, 30 de setembro, a cidade de Gurupi, no Tocantins, foi palco de um dos maiores eventos religiosos e culturais da regi\u00e3o: a Marcha para Jesus. O pastor e Deputado Federal Eli Borges, do Partido Liberal (PL\/TO), participou da grande marcha ao lado da prefeita Josi Nunes e diversas outras autoridades locais. Com o tema&nbsp;<em>central \u201cLiberdade de Express\u00e3o\u201d<\/em>, o evento reuniu milhares de fi\u00e9is e simpatizantes, transformando as ruas de Gurupi em um mar de f\u00e9 e adora\u00e7\u00e3o.<\/p>\n\n\n\n<p>A Marcha para Jesus teve in\u00edcio na Pra\u00e7a Santo Ant\u00f4nio, em frente \u00e0 prefeitura da cidade, e percorreu a movimentada Avenida Goi\u00e1s at\u00e9 o P\u00e1tio do Shopping Araguaia. Durante todo o trajeto, a multid\u00e3o foi embalada pela emocionante e contagiante voz da cantora Mylla Karvalho, que encantou a todos com seus louvores e can\u00e7\u00f5es inspiradoras.<\/p>\n\n\n\n<p>Ao chegar em frente ao Shopping Araguaia, Mylla Karvalho n\u00e3o estava sozinha. A dupla Jeferson e Suelen e sua banda tamb\u00e9m se juntaram \u00e0 festa, continuando a abrilhantar o p\u00fablico com apresenta\u00e7\u00f5es emocionantes. O ambiente estava impregnado com a energia positiva e a celebra\u00e7\u00e3o da f\u00e9, unindo pessoas de todas as idades e origens.<\/p>\n\n\n\n<p>O pastor e Deputado Federal Eli Borges, fez quest\u00e3o de destacar a grandiosidade e magnitude da festa em honra ao nome do Senhor Jesus. Ele enfatizou que, para ele, Jesus \u00e9 o Senhor desta Na\u00e7\u00e3o e que Gurupi pertence ao Senhor Jesus. A mensagem de f\u00e9 e unidade ecoou entre os participantes, fortalecendo os la\u00e7os comunit\u00e1rios e religiosos na cidade.<\/p>\n\n\n\n<p>A prefeita Josi Nunes, que tamb\u00e9m esteve presente, enalteceu a import\u00e2ncia da Marcha para Jesus como um momento de reflex\u00e3o sobre a liberdade de express\u00e3o e a toler\u00e2ncia religiosa. Ela destacou a diversidade de cren\u00e7as presentes no evento e a import\u00e2ncia de respeitar e valorizar o direito de cada cidad\u00e3o de expressar sua f\u00e9.<\/p>\n\n\n\n<p>A Marcha para Jesus em Gurupi se consolida como um evento anual que promove valores religiosos, culturais e sociais, refor\u00e7ando a import\u00e2ncia da f\u00e9 e da liberdade de express\u00e3o na sociedade. A celebra\u00e7\u00e3o a cada ano tem se tornado ainda mais marcante, unindo a comunidade em uma manifesta\u00e7\u00e3o de amor e devo\u00e7\u00e3o.<\/p>\n\n\n\n<p>O evento encerrou-se com a certeza de que a mensagem de f\u00e9 e liberdade de express\u00e3o continuar\u00e1 a ecoar em Gurupi e em todo o Tocantins, inspirando a todos a viverem em harmonia e respeito m\u00fatuo, independentemente de suas cren\u00e7as religiosas.<\/p>\n\n\n\n<figure class=\"wp-block-image size-large\"><img loading=\"lazy\" decoding=\"async\" width=\"1024\" height=\"576\" src=\"https:\/\/focotocantinense.com.br\/wp-content\/uploads\/2023\/10\/Eli-Borges-2-1024x576.jpeg\" alt=\"\" class=\"wp-image-6057\" srcset=\"https:\/\/focotocantinense.com.br\/wp-content\/uploads\/2023\/10\/Eli-Borges-2-1024x576.jpeg 1024w, https:\/\/focotocantinense.com.br\/wp-content\/uploads\/2023\/10\/Eli-Borges-2-300x169.jpeg 300w, https:\/\/focotocantinense.com.br\/wp-content\/uploads\/2023\/10\/Eli-Borges-2-768x432.jpeg 768w, https:\/\/focotocantinense.com.br\/wp-content\/uploads\/2023\/10\/Eli-Borges-2.jpeg 1280w\" sizes=\"auto, (max-width: 1024px) 100vw, 1024px\" \/><\/figure>\n\n\n\n<figure class=\"wp-block-image\"><img decoding=\"async\" src=\"http:\/\/n1to.com.br\/img\/uploads\/aaaaaaaaaaaaaaa_1.jpeg\" alt=\"\"\/><\/figure>\n\n\n\n<figure class=\"wp-block-image\"><img decoding=\"async\" src=\"http:\/\/n1to.com.br\/img\/uploads\/VINI_156.jpg\" alt=\"\"\/><\/figure>\n","protected":false},"excerpt":{"rendered":"<p>Por Jonas Amaral Na tarde ensolarada deste s\u00e1bado, 30 de setembro, a cidade de Gurupi, no Tocantins, foi palco de um dos maiores eventos religiosos e culturais da regi\u00e3o: a Marcha para Jesus. O pastor e Deputado Federal Eli Borges, do Partido Liberal (PL\/TO), participou da grande marcha ao lado da prefeita Josi Nunes e &hellip;<\/p>\n","protected":false},"author":5,"featured_media":6057,"comment_status":"open","ping_status":"open","sticky":false,"template":"","format":"standard","meta":{"footnotes":""},"categories":[38],"tags":[],"class_list":["post-6056","post","type-post","status-publish","format-standard","has-post-thumbnail","","category-gurupi"],"_links":{"self":[{"href":"https:\/\/focotocantinense.com.br\/index.php?rest_route=\/wp\/v2\/posts\/6056","targetHints":{"allow":["GET"]}}],"collection":[{"href":"https:\/\/focotocantinense.com.br\/index.php?rest_route=\/wp\/v2\/posts"}],"about":[{"href":"https:\/\/focotocantinense.com.br\/index.php?rest_route=\/wp\/v2\/types\/post"}],"author":[{"embeddable":true,"href":"https:\/\/focotocantinense.com.br\/index.php?rest_route=\/wp\/v2\/users\/5"}],"replies":[{"embeddable":true,"href":"https:\/\/focotocantinense.com.br\/index.php?rest_route=%2Fwp%2Fv2%2Fcomments&post=6056"}],"version-history":[{"count":1,"href":"https:\/\/focotocantinense.com.br\/index.php?rest_route=\/wp\/v2\/posts\/6056\/revisions"}],"predecessor-version":[{"id":6058,"href":"https:\/\/focotocantinense.com.br\/index.php?rest_route=\/wp\/v2\/posts\/6056\/revisions\/6058"}],"wp:featuredmedia":[{"embeddable":true,"href":"https:\/\/focotocantinense.com.br\/index.php?rest_route=\/wp\/v2\/media\/6057"}],"wp:attachment":[{"href":"https:\/\/focotocantinense.com.br\/index.php?rest_route=%2Fwp%2Fv2%2Fmedia&parent=6056"}],"wp:term":[{"taxonomy":"category","embeddable":true,"href":"https:\/\/focotocantinense.com.br\/index.php?rest_route=%2Fwp%2Fv2%2Fcategories&post=6056"},{"taxonomy":"post_tag","embeddable":true,"href":"https:\/\/focotocantinense.com.br\/index.php?rest_route=%2Fwp%2Fv2%2Ftags&post=6056"}],"curies":[{"name":"wp","href":"https:\/\/api.w.org\/{rel}","templated":true}]}}