{"id":6053,"date":"2023-09-29T19:52:25","date_gmt":"2023-09-29T22:52:25","guid":{"rendered":"https:\/\/focotocantinense.com.br\/?p=6053"},"modified":"2023-09-29T19:55:35","modified_gmt":"2023-09-29T22:55:35","slug":"antonio-andrade-visita-comerciantes-e-fortalece-pre-candidatura-a-prefeito-de-porto-nacional","status":"publish","type":"post","link":"https:\/\/focotocantinense.com.br\/?p=6053","title":{"rendered":"Antonio Andrade visita comerciantes e fortalece pr\u00e9-candidatura \u00e0 prefeito de Porto Nacional"},"content":{"rendered":"\n<p><\/p>\n\n\n\n<p>Intensificando a agenda pol\u00edtica referente \u00e0s elei\u00e7\u00f5es municipais de 2024, o deputado federal Antonio Andrade (Republicanos), se reuniu nesta sexta-feira, 29, com empres\u00e1rios de diversos segmentos de Porto Nacional. Onde discutiu pautas importantes para o desenvolvimento do munic\u00edpio, e recebeu manifesta\u00e7\u00f5es de apoio do empresariado local.<\/p>\n\n\n\n<p>Dentre os nomes importantes que declararam apoiar \u00e0 candidatura do deputado federal mais votado do Tocantins nas \u00faltimas elei\u00e7\u00f5es, est\u00e1 Alcione ex-s\u00f3cio do prefeito Ronivon Maciel. Na oportunidade, o empres\u00e1rio do ramo de materiais de constru\u00e7\u00e3o justificou seu apoio afirmando que o deputado Antonio Andrade \u00e9 o mais preparado para ser o pr\u00f3ximo prefeito de Porto Nacional.<\/p>\n\n\n\n<p>Por sua vez, Antonio Andrade destacou que uma candidatura se faz com alian\u00e7as, por essa raz\u00e3o, parcerias exitosas est\u00e3o sendo firmadas. \u201cNuma futura condi\u00e7\u00e3o de prefeito irei conduzir os trabalhos do Executivo, fazendo os investimentos certos, prezando pelo equil\u00edbrio das contas p\u00fablicas e estabelecendo uma linha de gest\u00e3o transparente, comprometida e respons\u00e1vel.<\/p>\n\n\n\n<figure class=\"wp-block-image size-full is-resized\"><img loading=\"lazy\" decoding=\"async\" src=\"https:\/\/focotocantinense.com.br\/wp-content\/uploads\/2023\/09\/AAA-9.jpg\" alt=\"\" class=\"wp-image-6054\" style=\"width:404px;height:244px\" width=\"404\" height=\"244\" srcset=\"https:\/\/focotocantinense.com.br\/wp-content\/uploads\/2023\/09\/AAA-9.jpg 714w, https:\/\/focotocantinense.com.br\/wp-content\/uploads\/2023\/09\/AAA-9-300x181.jpg 300w\" sizes=\"auto, (max-width: 404px) 100vw, 404px\" \/><\/figure>\n\n\n\n<p>.<\/p>\n\n\n\n<p>.<\/p>\n\n\n\n<figure class=\"wp-block-image size-full\"><img loading=\"lazy\" decoding=\"async\" width=\"640\" height=\"193\" src=\"https:\/\/focotocantinense.com.br\/wp-content\/uploads\/2023\/09\/VINI-4.jpg\" alt=\"\" class=\"wp-image-6043\" srcset=\"https:\/\/focotocantinense.com.br\/wp-content\/uploads\/2023\/09\/VINI-4.jpg 640w, https:\/\/focotocantinense.com.br\/wp-content\/uploads\/2023\/09\/VINI-4-300x90.jpg 300w\" sizes=\"auto, (max-width: 640px) 100vw, 640px\" \/><\/figure>\n","protected":false},"excerpt":{"rendered":"<p>Intensificando a agenda pol\u00edtica referente \u00e0s elei\u00e7\u00f5es municipais de 2024, o deputado federal Antonio Andrade (Republicanos), se reuniu nesta sexta-feira, 29, com empres\u00e1rios de diversos segmentos de Porto Nacional. Onde discutiu pautas importantes para o desenvolvimento do munic\u00edpio, e recebeu manifesta\u00e7\u00f5es de apoio do empresariado local. Dentre os nomes importantes que declararam apoiar \u00e0 candidatura &hellip;<\/p>\n","protected":false},"author":5,"featured_media":6054,"comment_status":"open","ping_status":"open","sticky":false,"template":"","format":"standard","meta":{"footnotes":""},"categories":[46],"tags":[],"class_list":["post-6053","post","type-post","status-publish","format-standard","has-post-thumbnail","","category-porto_nacional"],"_links":{"self":[{"href":"https:\/\/focotocantinense.com.br\/index.php?rest_route=\/wp\/v2\/posts\/6053","targetHints":{"allow":["GET"]}}],"collection":[{"href":"https:\/\/focotocantinense.com.br\/index.php?rest_route=\/wp\/v2\/posts"}],"about":[{"href":"https:\/\/focotocantinense.com.br\/index.php?rest_route=\/wp\/v2\/types\/post"}],"author":[{"embeddable":true,"href":"https:\/\/focotocantinense.com.br\/index.php?rest_route=\/wp\/v2\/users\/5"}],"replies":[{"embeddable":true,"href":"https:\/\/focotocantinense.com.br\/index.php?rest_route=%2Fwp%2Fv2%2Fcomments&post=6053"}],"version-history":[{"count":1,"href":"https:\/\/focotocantinense.com.br\/index.php?rest_route=\/wp\/v2\/posts\/6053\/revisions"}],"predecessor-version":[{"id":6055,"href":"https:\/\/focotocantinense.com.br\/index.php?rest_route=\/wp\/v2\/posts\/6053\/revisions\/6055"}],"wp:featuredmedia":[{"embeddable":true,"href":"https:\/\/focotocantinense.com.br\/index.php?rest_route=\/wp\/v2\/media\/6054"}],"wp:attachment":[{"href":"https:\/\/focotocantinense.com.br\/index.php?rest_route=%2Fwp%2Fv2%2Fmedia&parent=6053"}],"wp:term":[{"taxonomy":"category","embeddable":true,"href":"https:\/\/focotocantinense.com.br\/index.php?rest_route=%2Fwp%2Fv2%2Fcategories&post=6053"},{"taxonomy":"post_tag","embeddable":true,"href":"https:\/\/focotocantinense.com.br\/index.php?rest_route=%2Fwp%2Fv2%2Ftags&post=6053"}],"curies":[{"name":"wp","href":"https:\/\/api.w.org\/{rel}","templated":true}]}}