{"id":6050,"date":"2023-09-29T11:39:03","date_gmt":"2023-09-29T14:39:03","guid":{"rendered":"https:\/\/focotocantinense.com.br\/?p=6050"},"modified":"2023-09-29T11:39:04","modified_gmt":"2023-09-29T14:39:04","slug":"lancamento-de-a-noiva-e-outros-contos-politicos-arrecada-mais-de-200-brinquedos-para-projetos-sociais-que-terao-parte-da-venda-dos-livros","status":"publish","type":"post","link":"https:\/\/focotocantinense.com.br\/?p=6050","title":{"rendered":"Lan\u00e7amento de \u201cA noiva e outros contos pol\u00edticos\u201d arrecada mais de 200 brinquedos para projetos sociais, que ter\u00e3o parte da venda dos livros"},"content":{"rendered":"\n<p><strong>Por Zacarias Martins<\/strong><\/p>\n\n\n\n<p>No lan\u00e7amento do livro \u201cA noiva e outros contos pol\u00edticos\u201d na noite de quarta-feira, 27, em Gurupi, foram arrecadados mais de 200 brinquedos para serem doados a crian\u00e7as atrav\u00e9s dos projetos Arthur e Nina. O lan\u00e7amento ocorreu no Centro Cultural Mauro Cunha e contou com a presen\u00e7a de autoridades escritores, jornalistas e leitores do jornalista Cleber Toledo.<\/p>\n\n\n\n<p>A prefeita Josi Nunes (UB) destacou a carreira do jornalista que ela acompanha desde a \u00e9poca em que Toledo era colunista do&nbsp;<em>Jornal do Tocantins<\/em>&nbsp;no in\u00edcio dos anos 2000. A trajet\u00f3ria do escritor foi destacada tamb\u00e9m por outra personalidade que o acompanha desde o in\u00edcio, a secret\u00e1ria executiva estadual da mulher, Waner Pires, que representou a secret\u00e1ria da pasta, Berenice Barbosa.<\/p>\n\n\n\n<p>Em nome da C\u00e2mara falou o vereador Ivanilson Marinho, que, inclusive, foi o autor do t\u00edtulo de cidad\u00e3o gurupiense concedido pelo legislativo local ao jornalista e escritor em 2019. Al\u00e9m dele, participaram os vereadores Andr\u00e9 Caixeta, Marilis Fernandes, Rodrigo Maciel e Elvan Le\u00e3o.<\/p>\n\n\n\n<p>Quem tamb\u00e9m falou durante a solenidade foi a secret\u00e1ria municipal da Assist\u00eancia Social e<br>Cidadania, Cristina Donato. Ela explicou o trabalho dos projetos Arthur e Nina, iniciados a partir de trag\u00e9dias familiares com a perda de filhos e que hoje animam a vida de crian\u00e7as adoentadas.<\/p>\n\n\n\n<p>Parte da renda da venda dos livros na noite de quarta-feira est\u00e1 sendo destinada a esses dois projetos.<\/p>\n\n\n\n<figure class=\"wp-block-image size-large\"><img loading=\"lazy\" decoding=\"async\" width=\"1024\" height=\"526\" src=\"https:\/\/focotocantinense.com.br\/wp-content\/uploads\/2023\/09\/secom-1024x526.jpeg\" alt=\"\" class=\"wp-image-6051\" srcset=\"https:\/\/focotocantinense.com.br\/wp-content\/uploads\/2023\/09\/secom-1024x526.jpeg 1024w, https:\/\/focotocantinense.com.br\/wp-content\/uploads\/2023\/09\/secom-300x154.jpeg 300w, https:\/\/focotocantinense.com.br\/wp-content\/uploads\/2023\/09\/secom-768x394.jpeg 768w, https:\/\/focotocantinense.com.br\/wp-content\/uploads\/2023\/09\/secom.jpeg 1130w\" sizes=\"auto, (max-width: 1024px) 100vw, 1024px\" \/><\/figure>\n\n\n\n<p><strong>MUITO EMOCIONANTE<\/strong><\/p>\n\n\n\n<p>O jornalista e escritor Cleber Toledo classificou a noite de lan\u00e7amento como \u201cmuito emocionante\u201d. \u201cSempre \u00e9 maravilhoso vir a Gurupi, onde sou muito bem recebido. Mas, sobretudo, por essa parceria incr\u00edvel com os projetos Arthur e Nina, gra\u00e7as \u00e0 media\u00e7\u00e3o da competente amiga e secret\u00e1ria Cristina Donato, uma pessoa altamente solid\u00e1ria e humana. Tamb\u00e9m estou muito grato pela parceria com a Prefeitura de Gurupi, sob comando de Josi, que tamb\u00e9m tem essa sensibilidade humana e \u00e9 uma grande aliada da literatura; e da Secretaria Estadual da Mulher. A secret\u00e1ria Berenice e Warner tamb\u00e9m foram parceiras fundamentais. Ainda meu sempre agradecimento aos companheiros e companheiras da imprensa, que toda vez me abrem espa\u00e7os generosos para a divulga\u00e7\u00e3o de meu trabalho e de meus livros\u201d, destacou Toledo.<\/p>\n\n\n\n<p>Foi em Gurupi que o escritor p\u00f4de fazer o \u00fanico lan\u00e7amento de seu primeiro livro, \u201c2018: crise fiscal, pol\u00edtica e 3 elei\u00e7\u00f5es\u201d, em 2020. Logo ap\u00f3s esse evento, a pandemia da covid-19 impediu que outros pudessem ser realizados.<\/p>\n\n\n\n<p><strong>EM E-BOOK<\/strong><\/p>\n\n\n\n<p>\u201cA noiva e outros contos pol\u00edticos\u201d j\u00e1 foi lan\u00e7ado em Palmas, no dia 17 de agosto, em Aragua\u00edna no dia 14 de setembro. A obra deve ter lan\u00e7amentos em outras cidades do estado, e ainda ser\u00e1 disponibilizada em formato de e-book nas pr\u00f3ximas semanas. O livro pode ser encontrado nas livrarias GEP (Palmas, Gurupi e Aragua\u00edna) e Leitura, no Capim Dourado Shopping.<\/p>\n\n\n\n<figure class=\"wp-block-image\"><img decoding=\"async\" src=\"http:\/\/n1to.com.br\/img\/uploads\/AAA_22.jpg\" alt=\"\"\/><\/figure>\n\n\n\n<figure class=\"wp-block-image\"><img decoding=\"async\" src=\"http:\/\/n1to.com.br\/img\/uploads\/VINI_156.jpg\" alt=\"\"\/><\/figure>\n","protected":false},"excerpt":{"rendered":"<p>Por Zacarias Martins No lan\u00e7amento do livro \u201cA noiva e outros contos pol\u00edticos\u201d na noite de quarta-feira, 27, em Gurupi, foram arrecadados mais de 200 brinquedos para serem doados a crian\u00e7as atrav\u00e9s dos projetos Arthur e Nina. O lan\u00e7amento ocorreu no Centro Cultural Mauro Cunha e contou com a presen\u00e7a de autoridades escritores, jornalistas e &hellip;<\/p>\n","protected":false},"author":5,"featured_media":6051,"comment_status":"open","ping_status":"open","sticky":false,"template":"","format":"standard","meta":{"footnotes":""},"categories":[38],"tags":[],"class_list":["post-6050","post","type-post","status-publish","format-standard","has-post-thumbnail","","category-gurupi"],"_links":{"self":[{"href":"https:\/\/focotocantinense.com.br\/index.php?rest_route=\/wp\/v2\/posts\/6050","targetHints":{"allow":["GET"]}}],"collection":[{"href":"https:\/\/focotocantinense.com.br\/index.php?rest_route=\/wp\/v2\/posts"}],"about":[{"href":"https:\/\/focotocantinense.com.br\/index.php?rest_route=\/wp\/v2\/types\/post"}],"author":[{"embeddable":true,"href":"https:\/\/focotocantinense.com.br\/index.php?rest_route=\/wp\/v2\/users\/5"}],"replies":[{"embeddable":true,"href":"https:\/\/focotocantinense.com.br\/index.php?rest_route=%2Fwp%2Fv2%2Fcomments&post=6050"}],"version-history":[{"count":1,"href":"https:\/\/focotocantinense.com.br\/index.php?rest_route=\/wp\/v2\/posts\/6050\/revisions"}],"predecessor-version":[{"id":6052,"href":"https:\/\/focotocantinense.com.br\/index.php?rest_route=\/wp\/v2\/posts\/6050\/revisions\/6052"}],"wp:featuredmedia":[{"embeddable":true,"href":"https:\/\/focotocantinense.com.br\/index.php?rest_route=\/wp\/v2\/media\/6051"}],"wp:attachment":[{"href":"https:\/\/focotocantinense.com.br\/index.php?rest_route=%2Fwp%2Fv2%2Fmedia&parent=6050"}],"wp:term":[{"taxonomy":"category","embeddable":true,"href":"https:\/\/focotocantinense.com.br\/index.php?rest_route=%2Fwp%2Fv2%2Fcategories&post=6050"},{"taxonomy":"post_tag","embeddable":true,"href":"https:\/\/focotocantinense.com.br\/index.php?rest_route=%2Fwp%2Fv2%2Ftags&post=6050"}],"curies":[{"name":"wp","href":"https:\/\/api.w.org\/{rel}","templated":true}]}}