{"id":6037,"date":"2023-09-28T20:53:28","date_gmt":"2023-09-28T23:53:28","guid":{"rendered":"https:\/\/focotocantinense.com.br\/?p=6037"},"modified":"2023-09-28T20:53:29","modified_gmt":"2023-09-28T23:53:29","slug":"feira-de-ciencias-movimenta-alunos-da-rede-municipal-de-ensino-de-tocantinia","status":"publish","type":"post","link":"https:\/\/focotocantinense.com.br\/?p=6037","title":{"rendered":"Feira de Ci\u00eancias movimenta alunos da Rede Municipal de Ensino de Tocant\u00ednia"},"content":{"rendered":"\n<p>A Prefeitura de Tocant\u00ednia por meio da Secretaria Municipal de Educa\u00e7\u00e3o realizou nesta quinta-feira, 28, a primeira edi\u00e7\u00e3o da Feira de Ci\u00eancias da Rede Municipal de Ensino. Tendo as riquezas &nbsp;naturais do cerrado tocantinense &nbsp;como tem\u00e1tica.<\/p>\n\n\n\n<p>A a\u00e7\u00e3o da Feira de Ci\u00eancias faz parte do projeto Ci\u00eancia Viva, um projeto da Rede Municipal de Ensino que visa instigar e provocar a forma\u00e7\u00e3o de futuros cientistas com um ensino de ci\u00eancias voltado para pr\u00e1xis &nbsp;educativa em que a teoria e a pr\u00e1tica estejam aliadas na produ\u00e7\u00e3o, cria\u00e7\u00e3o e pesquisa.<\/p>\n\n\n\n<p><strong>Acesso ao conhecimento<\/strong><\/p>\n\n\n\n<p>A Feira de Ci\u00eancias atende o que pede a BNCC &#8211; Base Nacional Curricular Comum para o ensino de Ci\u00eancias, &nbsp;que reza que deve assegurar o acesso aos conhecimentos cient\u00edficos e processos, pr\u00e1ticas e procedimentos de investiga\u00e7\u00e3o cientifica. Dessa forma, &nbsp;os alunos participantes,&nbsp; oriundos das seis escolas que comp\u00f5em a Rede Municipal apresentaram o resultado&nbsp; de estudos e pesquisas que foram sistematizados em experimentos voltados ao bioma cerrado ressaltando frutas, flores, animais, sementes e outros componentes e sua import\u00e2ncia para a preserva\u00e7\u00e3o da vida.<\/p>\n\n\n\n<p>Na abertura da Feira de Ci\u00eancias compareceram diversas autoridades, dentre elas, &nbsp;o secret\u00e1rio de Educa\u00e7\u00e3o Andr\u00e9 Goveia que explicou que &nbsp;Feira de Ci\u00eancias \u00e9 uma oportunidade salutar para que o aluno se torne de fato sujeito ativo de sua pr\u00f3pria aprendizagem entendendo que a ci\u00eancia \u00e9 fundamental para o seu desenvolvimento cognitivo.<\/p>\n\n\n\n<p>J\u00e1 &nbsp;&nbsp;o vereador Afonso Tavares disse que &nbsp;a Feira de Ci\u00eancias revela um avan\u00e7o da aprendizagem dos alunos que est\u00e3o produzindo e sendo protagonistas, enquanto o seu colega, o tamb\u00e9m vereador Reginaldo Xerente afirmou que essa iniciativa&nbsp; &nbsp;traz conhecimentos sobre o cerrado, &nbsp;inclusive, &nbsp;da cultura ind\u00edgena Xerente, que contribuem para uma vida saud\u00e1vel e para sua preserva\u00e7\u00e3o, fundamentais &nbsp;\u00e0 educa\u00e7\u00e3o escolar.<\/p>\n\n\n\n<p>Ainda na abertura do evento ocorreram apresenta\u00e7\u00f5es art\u00edsticas e apresenta\u00e7\u00f5es culturais ind\u00edgenas pelas escolas convidadas Cefya Frei Antonio e Cemix War\u00e3.<\/p>\n\n\n\n<p>A bi\u00f3loga e professora Patr\u00edcia Luciana, proferiu palestra com o tema \u201cCerrado, nossa riqueza natural\u201d, enfatizando sobre a import\u00e2ncia da preserva\u00e7\u00e3o do bioma e na qual atraiu a aten\u00e7\u00e3o dos alunos ao ressaltar as curiosidades do cerrado.<\/p>\n\n\n\n<p>&nbsp;\u201cO cerrado \u00e9 como uma grande caixa d\u2019\u00e1gua, dada a riqueza de \u00e1gua doce, bem como, &nbsp;tem o formato de uma floresta de cabe\u00e7a para baixo, uma vez que as \u00e1rvores possuem ra\u00edzes gigantescas e por ser o maior bioma do Estado do Tocantins&nbsp; deve ser preservado e valorizado principalmente por ser o que mais sofre destrui\u00e7\u00e3o\u201d, argumentou a professora.<\/p>\n\n\n\n<p>Ap\u00f3s \u00e0s atividades de abertura, os alunos e convidados visitaram os estandes das seis escolas municipais e da Universidade da Maturidade (UMA), &nbsp;que tamb\u00e9m faz parte da rede.<\/p>\n\n\n\n<p>Para o professor e bi\u00f3logo Samuel Marques, coordenador do Projeto Ci\u00eancia Viva e da Feira de Ci\u00eancias essa a\u00e7\u00e3o soma muitos resultados positivos para a aprendizagem dos alunos da Rede Municipal. Segundo ele, \u201cPode-se ver o brilho no olhar de cada aluno\u00a0 que pesquisou, investigou e produziu ci\u00eancia. \u201cTodos perceberam que \u00e9 poss\u00edvel sim, sair futuros e grandes cientistas de Tocant\u00ednia, pois a Ci\u00eancia \u00e9 a chave para o desenvolvimento de uma educa\u00e7\u00e3o significativa\u201d, finalizou.<\/p>\n\n\n\n<figure class=\"wp-block-image size-full\"><img loading=\"lazy\" decoding=\"async\" width=\"979\" height=\"581\" src=\"https:\/\/focotocantinense.com.br\/wp-content\/uploads\/2023\/09\/AAA-TOCANTINIA.jpg\" alt=\"\" class=\"wp-image-6039\" srcset=\"https:\/\/focotocantinense.com.br\/wp-content\/uploads\/2023\/09\/AAA-TOCANTINIA.jpg 979w, https:\/\/focotocantinense.com.br\/wp-content\/uploads\/2023\/09\/AAA-TOCANTINIA-300x178.jpg 300w, https:\/\/focotocantinense.com.br\/wp-content\/uploads\/2023\/09\/AAA-TOCANTINIA-768x456.jpg 768w\" sizes=\"auto, (max-width: 979px) 100vw, 979px\" \/><\/figure>\n\n\n\n<p>.<\/p>\n\n\n\n<p><\/p>\n\n\n\n<figure class=\"wp-block-image\"><img decoding=\"async\" src=\"http:\/\/n1to.com.br\/img\/uploads\/eee_tyocantinia_1.jpg\" alt=\"\"\/><\/figure>\n\n\n\n<figure class=\"wp-block-image\"><img decoding=\"async\" src=\"http:\/\/n1to.com.br\/img\/uploads\/fff_3.jpg\" alt=\"\"\/><\/figure>\n\n\n\n<figure class=\"wp-block-image\"><img decoding=\"async\" src=\"http:\/\/n1to.com.br\/img\/uploads\/BBBB_TOCANTINIA_1.jpg\" alt=\"\"\/><\/figure>\n\n\n\n<figure class=\"wp-block-image\"><img decoding=\"async\" src=\"http:\/\/n1to.com.br\/img\/uploads\/CCC_TOCANTINIA_1.jpg\" alt=\"\"\/><\/figure>\n\n\n\n<figure class=\"wp-block-image\"><img decoding=\"async\" src=\"http:\/\/n1to.com.br\/img\/uploads\/DDD_TOCANTINIA_1.jpg\" alt=\"\"\/><\/figure>\n\n\n\n<figure class=\"wp-block-image\"><img decoding=\"async\" src=\"http:\/\/n1to.com.br\/img\/uploads\/VINI_156.jpg\" alt=\"\"\/><\/figure>\n","protected":false},"excerpt":{"rendered":"<p>A Prefeitura de Tocant\u00ednia por meio da Secretaria Municipal de Educa\u00e7\u00e3o realizou nesta quinta-feira, 28, a primeira edi\u00e7\u00e3o da Feira de Ci\u00eancias da Rede Municipal de Ensino. Tendo as riquezas &nbsp;naturais do cerrado tocantinense &nbsp;como tem\u00e1tica. A a\u00e7\u00e3o da Feira de Ci\u00eancias faz parte do projeto Ci\u00eancia Viva, um projeto da Rede Municipal de Ensino &hellip;<\/p>\n","protected":false},"author":5,"featured_media":6038,"comment_status":"open","ping_status":"open","sticky":false,"template":"","format":"standard","meta":{"footnotes":""},"categories":[78],"tags":[],"class_list":["post-6037","post","type-post","status-publish","format-standard","has-post-thumbnail","","category-tocantinia"],"_links":{"self":[{"href":"https:\/\/focotocantinense.com.br\/index.php?rest_route=\/wp\/v2\/posts\/6037","targetHints":{"allow":["GET"]}}],"collection":[{"href":"https:\/\/focotocantinense.com.br\/index.php?rest_route=\/wp\/v2\/posts"}],"about":[{"href":"https:\/\/focotocantinense.com.br\/index.php?rest_route=\/wp\/v2\/types\/post"}],"author":[{"embeddable":true,"href":"https:\/\/focotocantinense.com.br\/index.php?rest_route=\/wp\/v2\/users\/5"}],"replies":[{"embeddable":true,"href":"https:\/\/focotocantinense.com.br\/index.php?rest_route=%2Fwp%2Fv2%2Fcomments&post=6037"}],"version-history":[{"count":1,"href":"https:\/\/focotocantinense.com.br\/index.php?rest_route=\/wp\/v2\/posts\/6037\/revisions"}],"predecessor-version":[{"id":6040,"href":"https:\/\/focotocantinense.com.br\/index.php?rest_route=\/wp\/v2\/posts\/6037\/revisions\/6040"}],"wp:featuredmedia":[{"embeddable":true,"href":"https:\/\/focotocantinense.com.br\/index.php?rest_route=\/wp\/v2\/media\/6038"}],"wp:attachment":[{"href":"https:\/\/focotocantinense.com.br\/index.php?rest_route=%2Fwp%2Fv2%2Fmedia&parent=6037"}],"wp:term":[{"taxonomy":"category","embeddable":true,"href":"https:\/\/focotocantinense.com.br\/index.php?rest_route=%2Fwp%2Fv2%2Fcategories&post=6037"},{"taxonomy":"post_tag","embeddable":true,"href":"https:\/\/focotocantinense.com.br\/index.php?rest_route=%2Fwp%2Fv2%2Ftags&post=6037"}],"curies":[{"name":"wp","href":"https:\/\/api.w.org\/{rel}","templated":true}]}}