{"id":6031,"date":"2023-09-28T20:01:03","date_gmt":"2023-09-28T23:01:03","guid":{"rendered":"https:\/\/focotocantinense.com.br\/?p=6031"},"modified":"2023-09-28T20:02:37","modified_gmt":"2023-09-28T23:02:37","slug":"zacarias-martins-recebe-homenagem-da-assembleia-legislativa-do-tocantins","status":"publish","type":"post","link":"https:\/\/focotocantinense.com.br\/?p=6031","title":{"rendered":"Zacarias Martins recebe homenagem da Assembleia Legislativa do Tocantins"},"content":{"rendered":"\n<p>Durante Sess\u00e3o Solene realizada na manh\u00e3 desta quinta-feira, 28, para homenagear o Estado do Tocantins, que completar\u00e1 35 anos no pr\u00f3ximo dia 5, a &nbsp;Assembleia Legislativa homenageou v\u00e1rias personalidades, dentre os quais, o festejado poeta, jornalista e ativista cultural &nbsp;Zacarias Martins, autor de v\u00e1rios livros publicados e um dos fundadores da Academia Tocantinense de Letras (ATL).<\/p>\n\n\n\n<p>Zacarias Martins possui uma respeit\u00e1vel folha de servi\u00e7os prestados ao Tocantins, tanto na \u00e1rea cultural quanto no setor da comunica\u00e7\u00e3o, sendo pioneiro do&nbsp; Estado, tendo atuado, ao logo de mais de tr\u00eas d\u00e9cadas, no jornalismo tocantinense,<\/p>\n\n\n\n<p>A Sess\u00e3o Solene atendeu a requerimento do deputado Professor J\u00fanior Geo (PSC), num clima festivo, marcado por apresenta\u00e7\u00f5es e manifesta\u00e7\u00f5es da cultura do Estado. Ele disse que &nbsp;a constru\u00e7\u00e3o do Tocantins teve v\u00e1rios personagens importantes, a exemplo do ex-governador Siqueira Campos, e antes dele Teot\u00f4nio Segurado, entre outros, que tamb\u00e9m deram sua parcela de contribui\u00e7\u00e3o para a constru\u00e7\u00e3o de uma hist\u00f3ria de sucesso.<\/p>\n\n\n\n<p><strong>Determina\u00e7\u00e3o<\/strong><\/p>\n\n\n\n<p>Ainda na abertura, o presidente da Casa, deputado Am\u00e9lio Cayres (Republicanos), destacou a coragem, determina\u00e7\u00e3o e luta daqueles que sonharam com a cria\u00e7\u00e3o do Estado. \u201cRessaltamos o papel de cada um que contribuiu para o desenvolvimento e crescimento do Tocantins ao longo desses 35 anos\u201d.<\/p>\n\n\n\n<p>Representando o governador Wanderlei Barbosa, o Vice-governador Laurez Moreira (PDT) destacou que o Tocantins j\u00e1 representa a 13\u00aa renda per capita do Pa\u00eds, e que hoje j\u00e1 se tem a expectativa de o Estado alcan\u00e7ar a d\u00e9cima economia nacional. Ele ressaltou ainda que o Estado \u00e9 o maior produtor de gr\u00e3os da regi\u00e3o Norte e o segundo da regi\u00e3o Norte\/Nordeste. Segundo ele, o Governo de Wanderlei tem feito de tudo para o Estado se desenvolver.<\/p>\n\n\n\n<p>\u201cPrestar homenagem \u00e0s pessoas que t\u00eam hist\u00f3ria e que contribu\u00edram com a evolu\u00e7\u00e3o de um povo \u00e9 fundamental\u201d, disse Laurez.<\/p>\n\n\n\n<p><strong>Homenageados<\/strong><\/p>\n\n\n\n<p><\/p>\n\n\n\n<p>Al\u00e9m do poeta e jornalista Zacarias Martins, mais vinte e sete &nbsp;&nbsp;personalidades que participaram da constru\u00e7\u00e3o da hist\u00f3ria do Estado, escolhidas pelos deputados, receberam comendas do Parlamento. Entre elas o governador Wanderlei Barbosa;&nbsp; o ex-governador Jos\u00e9 Wilson Siqueira Campos (in memoriam); o ex-governador Raimundo Nonato Pires do Santos (Raimundo Boi); a ex-deputada Dolores Nunes; ex-deputado federal Darci Martins Coelho; ex-senador Vicente de Oliveira; Goiaciara Tavares Cruz (in memoriam); ex-deputado estadual Jos\u00e9 Eduardo Siqueira Campos; ex-prefeito de Palmas Fenelon Barbosa Sales; ex-deputado federal C\u00e9sar Hanna Halum; o poeta Jos\u00e9 Gomes Sobrinho (in memoriam) e o cantor Gen\u00e9sio Sampaio Filho (Gen\u00e9sio Tocantins).<\/p>\n\n\n\n<figure class=\"wp-block-image size-large\"><img loading=\"lazy\" decoding=\"async\" width=\"1024\" height=\"769\" src=\"https:\/\/focotocantinense.com.br\/wp-content\/uploads\/2023\/09\/1-O-jornalista-Zacarias-Martins-recebe-a-homenagem-das-maos-do-deputado-Junior-Geo-Foto-Dicom-TO-1024x769.jpg\" alt=\"\" class=\"wp-image-6032\" srcset=\"https:\/\/focotocantinense.com.br\/wp-content\/uploads\/2023\/09\/1-O-jornalista-Zacarias-Martins-recebe-a-homenagem-das-maos-do-deputado-Junior-Geo-Foto-Dicom-TO-1024x769.jpg 1024w, https:\/\/focotocantinense.com.br\/wp-content\/uploads\/2023\/09\/1-O-jornalista-Zacarias-Martins-recebe-a-homenagem-das-maos-do-deputado-Junior-Geo-Foto-Dicom-TO-300x225.jpg 300w, https:\/\/focotocantinense.com.br\/wp-content\/uploads\/2023\/09\/1-O-jornalista-Zacarias-Martins-recebe-a-homenagem-das-maos-do-deputado-Junior-Geo-Foto-Dicom-TO-768x577.jpg 768w, https:\/\/focotocantinense.com.br\/wp-content\/uploads\/2023\/09\/1-O-jornalista-Zacarias-Martins-recebe-a-homenagem-das-maos-do-deputado-Junior-Geo-Foto-Dicom-TO-1536x1154.jpg 1536w, https:\/\/focotocantinense.com.br\/wp-content\/uploads\/2023\/09\/1-O-jornalista-Zacarias-Martins-recebe-a-homenagem-das-maos-do-deputado-Junior-Geo-Foto-Dicom-TO.jpg 1600w\" sizes=\"auto, (max-width: 1024px) 100vw, 1024px\" \/><\/figure>\n\n\n\n<p>.<\/p>\n\n\n\n<p><\/p>\n\n\n\n<figure class=\"wp-block-image size-large\"><img loading=\"lazy\" decoding=\"async\" width=\"1024\" height=\"651\" src=\"https:\/\/focotocantinense.com.br\/wp-content\/uploads\/2023\/09\/aaaaaaaaaaaaaaaaaaaa-1024x651.jpg\" alt=\"\" class=\"wp-image-6033\" srcset=\"https:\/\/focotocantinense.com.br\/wp-content\/uploads\/2023\/09\/aaaaaaaaaaaaaaaaaaaa-1024x651.jpg 1024w, https:\/\/focotocantinense.com.br\/wp-content\/uploads\/2023\/09\/aaaaaaaaaaaaaaaaaaaa-300x191.jpg 300w, https:\/\/focotocantinense.com.br\/wp-content\/uploads\/2023\/09\/aaaaaaaaaaaaaaaaaaaa-768x488.jpg 768w, https:\/\/focotocantinense.com.br\/wp-content\/uploads\/2023\/09\/aaaaaaaaaaaaaaaaaaaa.jpg 1130w\" sizes=\"auto, (max-width: 1024px) 100vw, 1024px\" \/><\/figure>\n\n\n\n<p><\/p>\n\n\n\n<figure class=\"wp-block-image size-full\"><img loading=\"lazy\" decoding=\"async\" width=\"640\" height=\"193\" src=\"https:\/\/focotocantinense.com.br\/wp-content\/uploads\/2023\/09\/VINI-3.jpg\" alt=\"\" class=\"wp-image-6022\" srcset=\"https:\/\/focotocantinense.com.br\/wp-content\/uploads\/2023\/09\/VINI-3.jpg 640w, https:\/\/focotocantinense.com.br\/wp-content\/uploads\/2023\/09\/VINI-3-300x90.jpg 300w\" sizes=\"auto, (max-width: 640px) 100vw, 640px\" \/><\/figure>\n","protected":false},"excerpt":{"rendered":"<p>Durante Sess\u00e3o Solene realizada na manh\u00e3 desta quinta-feira, 28, para homenagear o Estado do Tocantins, que completar\u00e1 35 anos no pr\u00f3ximo dia 5, a &nbsp;Assembleia Legislativa homenageou v\u00e1rias personalidades, dentre os quais, o festejado poeta, jornalista e ativista cultural &nbsp;Zacarias Martins, autor de v\u00e1rios livros publicados e um dos fundadores da Academia Tocantinense de Letras &hellip;<\/p>\n","protected":false},"author":5,"featured_media":6032,"comment_status":"open","ping_status":"open","sticky":false,"template":"","format":"standard","meta":{"footnotes":""},"categories":[38],"tags":[],"class_list":["post-6031","post","type-post","status-publish","format-standard","has-post-thumbnail","","category-gurupi"],"_links":{"self":[{"href":"https:\/\/focotocantinense.com.br\/index.php?rest_route=\/wp\/v2\/posts\/6031","targetHints":{"allow":["GET"]}}],"collection":[{"href":"https:\/\/focotocantinense.com.br\/index.php?rest_route=\/wp\/v2\/posts"}],"about":[{"href":"https:\/\/focotocantinense.com.br\/index.php?rest_route=\/wp\/v2\/types\/post"}],"author":[{"embeddable":true,"href":"https:\/\/focotocantinense.com.br\/index.php?rest_route=\/wp\/v2\/users\/5"}],"replies":[{"embeddable":true,"href":"https:\/\/focotocantinense.com.br\/index.php?rest_route=%2Fwp%2Fv2%2Fcomments&post=6031"}],"version-history":[{"count":2,"href":"https:\/\/focotocantinense.com.br\/index.php?rest_route=\/wp\/v2\/posts\/6031\/revisions"}],"predecessor-version":[{"id":6036,"href":"https:\/\/focotocantinense.com.br\/index.php?rest_route=\/wp\/v2\/posts\/6031\/revisions\/6036"}],"wp:featuredmedia":[{"embeddable":true,"href":"https:\/\/focotocantinense.com.br\/index.php?rest_route=\/wp\/v2\/media\/6032"}],"wp:attachment":[{"href":"https:\/\/focotocantinense.com.br\/index.php?rest_route=%2Fwp%2Fv2%2Fmedia&parent=6031"}],"wp:term":[{"taxonomy":"category","embeddable":true,"href":"https:\/\/focotocantinense.com.br\/index.php?rest_route=%2Fwp%2Fv2%2Fcategories&post=6031"},{"taxonomy":"post_tag","embeddable":true,"href":"https:\/\/focotocantinense.com.br\/index.php?rest_route=%2Fwp%2Fv2%2Ftags&post=6031"}],"curies":[{"name":"wp","href":"https:\/\/api.w.org\/{rel}","templated":true}]}}