{"id":6025,"date":"2023-09-27T18:17:30","date_gmt":"2023-09-27T21:17:30","guid":{"rendered":"https:\/\/focotocantinense.com.br\/?p=6025"},"modified":"2023-09-27T18:20:35","modified_gmt":"2023-09-27T21:20:35","slug":"comissao-provisoria-do-partido-verde-em-gurupi-tem-renuncia-coletiva","status":"publish","type":"post","link":"https:\/\/focotocantinense.com.br\/?p=6025","title":{"rendered":"Comiss\u00e3o Provis\u00f3ria do Partido Verde em Gurupi tem ren\u00fancia coletiva"},"content":{"rendered":"\n<p><strong>Por Zacarias Martins<\/strong><\/p>\n\n\n\n<p>Em comunicado \u00e0 imprensa, o presidente da Comiss\u00e3o Provis\u00f3ria Municipal &nbsp;do Partido Verde (PV) de Gurupi, Pedro Dias, informou que encaminhou &nbsp;enviou oficio ao presidente estadual do partido, Marcelo Lelis, comunicando a ren\u00fancia coletiva de todos os membros da comiss\u00e3o. &nbsp;A alega\u00e7\u00e3o \u00e9 que seria \u201cpor motivo de foro \u00edntimo\u201d.<\/p>\n\n\n\n<p>O que sabe \u00e9 que a falta de alinhamento com o PV estadual, presidido pelo ex-deputado estadual e atual secret\u00e1rio do Meio Ambiente e Recursos H\u00eddricos, &nbsp;Marcelo Lelis, fez com que a comiss\u00e3o provis\u00f3ria do partido em Gurupi comunicasse a ren\u00fancia coletiva de todos os seus membros.<\/p>\n\n\n\n<p>Mesmo&nbsp; diante dessa atitude da legenda em Gurupi,&nbsp; percebe-se uma&nbsp; determina\u00e7\u00e3o \u00e0 continuar&nbsp; &nbsp;na federa\u00e7\u00e3o partid\u00e1ria representada pelo PT, PCdoB e PV.<\/p>\n\n\n\n<p>Dentre os filiados ao partido que renunciaram \u00e0 \u00a0Comiss\u00e3o Provis\u00f3ria do PV de Gurupi, est\u00e3o o presidente da legenda, Pedro Dias, \u00a0jornalista e perito aposentado, professor Jonair Rocha, vice-presidente e o advogado \u00a0Luiz Cl\u00e1udio Barbosa, que ocupava o cargo de secret\u00e1rio da legenda em Gurupi.<\/p>\n\n\n\n<figure class=\"wp-block-image size-full is-resized\"><img loading=\"lazy\" decoding=\"async\" src=\"https:\/\/focotocantinense.com.br\/wp-content\/uploads\/2023\/09\/bbb-3.jpg\" alt=\"\" class=\"wp-image-6029\" style=\"width:406px;height:208px\" width=\"406\" height=\"208\" srcset=\"https:\/\/focotocantinense.com.br\/wp-content\/uploads\/2023\/09\/bbb-3.jpg 815w, https:\/\/focotocantinense.com.br\/wp-content\/uploads\/2023\/09\/bbb-3-300x153.jpg 300w, https:\/\/focotocantinense.com.br\/wp-content\/uploads\/2023\/09\/bbb-3-768x393.jpg 768w\" sizes=\"auto, (max-width: 406px) 100vw, 406px\" \/><\/figure>\n\n\n\n<figure class=\"wp-block-image\"><img decoding=\"async\" src=\"http:\/\/n1to.com.br\/img\/uploads\/CCC_27.jpg\" alt=\"\"\/><\/figure>\n\n\n\n<figure class=\"wp-block-image\"><img decoding=\"async\" src=\"http:\/\/n1to.com.br\/img\/uploads\/VINI_155.jpg\" alt=\"\"\/><\/figure>\n","protected":false},"excerpt":{"rendered":"<p>Por Zacarias Martins Em comunicado \u00e0 imprensa, o presidente da Comiss\u00e3o Provis\u00f3ria Municipal &nbsp;do Partido Verde (PV) de Gurupi, Pedro Dias, informou que encaminhou &nbsp;enviou oficio ao presidente estadual do partido, Marcelo Lelis, comunicando a ren\u00fancia coletiva de todos os membros da comiss\u00e3o. &nbsp;A alega\u00e7\u00e3o \u00e9 que seria \u201cpor motivo de foro \u00edntimo\u201d. O que &hellip;<\/p>\n","protected":false},"author":5,"featured_media":6026,"comment_status":"open","ping_status":"open","sticky":false,"template":"","format":"standard","meta":{"footnotes":""},"categories":[38],"tags":[],"class_list":["post-6025","post","type-post","status-publish","format-standard","has-post-thumbnail","","category-gurupi"],"_links":{"self":[{"href":"https:\/\/focotocantinense.com.br\/index.php?rest_route=\/wp\/v2\/posts\/6025","targetHints":{"allow":["GET"]}}],"collection":[{"href":"https:\/\/focotocantinense.com.br\/index.php?rest_route=\/wp\/v2\/posts"}],"about":[{"href":"https:\/\/focotocantinense.com.br\/index.php?rest_route=\/wp\/v2\/types\/post"}],"author":[{"embeddable":true,"href":"https:\/\/focotocantinense.com.br\/index.php?rest_route=\/wp\/v2\/users\/5"}],"replies":[{"embeddable":true,"href":"https:\/\/focotocantinense.com.br\/index.php?rest_route=%2Fwp%2Fv2%2Fcomments&post=6025"}],"version-history":[{"count":3,"href":"https:\/\/focotocantinense.com.br\/index.php?rest_route=\/wp\/v2\/posts\/6025\/revisions"}],"predecessor-version":[{"id":6030,"href":"https:\/\/focotocantinense.com.br\/index.php?rest_route=\/wp\/v2\/posts\/6025\/revisions\/6030"}],"wp:featuredmedia":[{"embeddable":true,"href":"https:\/\/focotocantinense.com.br\/index.php?rest_route=\/wp\/v2\/media\/6026"}],"wp:attachment":[{"href":"https:\/\/focotocantinense.com.br\/index.php?rest_route=%2Fwp%2Fv2%2Fmedia&parent=6025"}],"wp:term":[{"taxonomy":"category","embeddable":true,"href":"https:\/\/focotocantinense.com.br\/index.php?rest_route=%2Fwp%2Fv2%2Fcategories&post=6025"},{"taxonomy":"post_tag","embeddable":true,"href":"https:\/\/focotocantinense.com.br\/index.php?rest_route=%2Fwp%2Fv2%2Ftags&post=6025"}],"curies":[{"name":"wp","href":"https:\/\/api.w.org\/{rel}","templated":true}]}}