{"id":6013,"date":"2023-09-26T17:24:38","date_gmt":"2023-09-26T20:24:38","guid":{"rendered":"https:\/\/focotocantinense.com.br\/?p=6013"},"modified":"2023-09-26T17:39:03","modified_gmt":"2023-09-26T20:39:03","slug":"deputado-gutierres-torquato-assume-a-presidencia-da-comissao-de-politicas-publicas-para-a-juventude","status":"publish","type":"post","link":"https:\/\/focotocantinense.com.br\/?p=6013","title":{"rendered":"Deputado Gutierres Torquato assume a presid\u00eancia da Comiss\u00e3o de Pol\u00edticas P\u00fablicas para a Juventude"},"content":{"rendered":"\n<p>Na manh\u00e3 desta ter\u00e7a-feira, 26 de setembro, o Deputado Gutierres Torquato assumiu a presid\u00eancia da Comiss\u00e3o de Acompanhamento de Pol\u00edticas P\u00fablicas para a Juventude. Em conjunto com o Deputado Eduardo Fortes, que assumiu a vice-presid\u00eancia, ambos os deputados afirmam que se dedicar\u00e3o a desenvolver agendas direcionadas para a juventude, o esporte e o povo tocantinense.<\/p>\n\n\n\n<p>O Deputado Gutierres expressou seu entusiasmo ao afirmar: &#8220;Tivemos a oportunidade de estabelecer esta comiss\u00e3o e assumir a presid\u00eancia com o objetivo de criar pautas em prol da juventude, do esporte e do povo tocantinense.&#8221;<\/p>\n\n\n\n<p>A comiss\u00e3o tamb\u00e9m conta com outros membros efetivos, incluindo o Deputado Nilton Franco e o Deputado Leo Barbosa, ambos do Republicanos, al\u00e9m do Deputado Jair Farias, representante da Uni\u00e3o Brasil. Como suplentes, integram a comiss\u00e3o os Deputados Moisemar Marinho, Luciano Oliveira, Jorge Frederico, Cleiton Cardoso e Eduardo Mantoan. A expectativa \u00e9 que essa equipe colabore na formula\u00e7\u00e3o e implementa\u00e7\u00e3o de pol\u00edticas p\u00fablicas em benef\u00edcio da juventude e da popula\u00e7\u00e3o tocantinense.<\/p>\n\n\n\n<figure class=\"wp-block-image size-large is-resized\"><img loading=\"lazy\" decoding=\"async\" src=\"https:\/\/focotocantinense.com.br\/wp-content\/uploads\/2023\/09\/AAA-6-1024x576.jpg\" alt=\"\" class=\"wp-image-6014\" style=\"width:406px;height:228px\" width=\"406\" height=\"228\" srcset=\"https:\/\/focotocantinense.com.br\/wp-content\/uploads\/2023\/09\/AAA-6-1024x576.jpg 1024w, https:\/\/focotocantinense.com.br\/wp-content\/uploads\/2023\/09\/AAA-6-300x169.jpg 300w, https:\/\/focotocantinense.com.br\/wp-content\/uploads\/2023\/09\/AAA-6-768x432.jpg 768w, https:\/\/focotocantinense.com.br\/wp-content\/uploads\/2023\/09\/AAA-6.jpg 1037w\" sizes=\"auto, (max-width: 406px) 100vw, 406px\" \/><\/figure>\n\n\n\n<p>.<\/p>\n\n\n\n<p><\/p>\n\n\n\n<figure class=\"wp-block-image\"><img decoding=\"async\" src=\"http:\/\/n1to.com.br\/img\/uploads\/VINI_155.jpg\" alt=\"\"\/><\/figure>\n","protected":false},"excerpt":{"rendered":"<p>Na manh\u00e3 desta ter\u00e7a-feira, 26 de setembro, o Deputado Gutierres Torquato assumiu a presid\u00eancia da Comiss\u00e3o de Acompanhamento de Pol\u00edticas P\u00fablicas para a Juventude. Em conjunto com o Deputado Eduardo Fortes, que assumiu a vice-presid\u00eancia, ambos os deputados afirmam que se dedicar\u00e3o a desenvolver agendas direcionadas para a juventude, o esporte e o povo tocantinense. &hellip;<\/p>\n","protected":false},"author":5,"featured_media":6014,"comment_status":"open","ping_status":"open","sticky":false,"template":"","format":"standard","meta":{"footnotes":""},"categories":[38],"tags":[],"class_list":["post-6013","post","type-post","status-publish","format-standard","has-post-thumbnail","","category-gurupi"],"_links":{"self":[{"href":"https:\/\/focotocantinense.com.br\/index.php?rest_route=\/wp\/v2\/posts\/6013","targetHints":{"allow":["GET"]}}],"collection":[{"href":"https:\/\/focotocantinense.com.br\/index.php?rest_route=\/wp\/v2\/posts"}],"about":[{"href":"https:\/\/focotocantinense.com.br\/index.php?rest_route=\/wp\/v2\/types\/post"}],"author":[{"embeddable":true,"href":"https:\/\/focotocantinense.com.br\/index.php?rest_route=\/wp\/v2\/users\/5"}],"replies":[{"embeddable":true,"href":"https:\/\/focotocantinense.com.br\/index.php?rest_route=%2Fwp%2Fv2%2Fcomments&post=6013"}],"version-history":[{"count":3,"href":"https:\/\/focotocantinense.com.br\/index.php?rest_route=\/wp\/v2\/posts\/6013\/revisions"}],"predecessor-version":[{"id":6018,"href":"https:\/\/focotocantinense.com.br\/index.php?rest_route=\/wp\/v2\/posts\/6013\/revisions\/6018"}],"wp:featuredmedia":[{"embeddable":true,"href":"https:\/\/focotocantinense.com.br\/index.php?rest_route=\/wp\/v2\/media\/6014"}],"wp:attachment":[{"href":"https:\/\/focotocantinense.com.br\/index.php?rest_route=%2Fwp%2Fv2%2Fmedia&parent=6013"}],"wp:term":[{"taxonomy":"category","embeddable":true,"href":"https:\/\/focotocantinense.com.br\/index.php?rest_route=%2Fwp%2Fv2%2Fcategories&post=6013"},{"taxonomy":"post_tag","embeddable":true,"href":"https:\/\/focotocantinense.com.br\/index.php?rest_route=%2Fwp%2Fv2%2Ftags&post=6013"}],"curies":[{"name":"wp","href":"https:\/\/api.w.org\/{rel}","templated":true}]}}