{"id":6010,"date":"2023-09-26T11:51:36","date_gmt":"2023-09-26T14:51:36","guid":{"rendered":"https:\/\/focotocantinense.com.br\/?p=6010"},"modified":"2023-09-26T11:51:37","modified_gmt":"2023-09-26T14:51:37","slug":"em-gurupi-governador-wanderlei-barbosa-participa-da-solenidade-de-assinatura-das-obras-de-duplicacao-da-br-153","status":"publish","type":"post","link":"https:\/\/focotocantinense.com.br\/?p=6010","title":{"rendered":"Em Gurupi, governador Wanderlei Barbosa participa da solenidade de assinatura das obras de duplica\u00e7\u00e3o da BR-153"},"content":{"rendered":"\n<p>Ao lado do ministro dos Transportes, Renan Filho, o governador do Tocantins, Wanderlei Barbosa, e o vice-governador Laurez Moreira participaram, nesta segunda-feira, 25, em Gurupi, regi\u00e3o sul do Estado, da solenidade de assinatura do in\u00edcio das obras de duplica\u00e7\u00e3o da BR-153, nos per\u00edmetros urbanos de Gurupi e Alian\u00e7a do Tocantins. Ao todo, s\u00e3o quase 13 km de vias, beneficiando os dois munic\u00edpios.&nbsp;<\/p>\n\n\n\n<p>Em Gurupi, s\u00e3o 11,25 km de duplica\u00e7\u00e3o, com tr\u00eas retornos, passagens inferiores, uma passarela para pedestres e dois viadutos nas entradas norte e sul da cidade. J\u00e1 em Alian\u00e7a do Tocantins, ser\u00e1 1,6 km de duplica\u00e7\u00e3o, dois dispositivos de passagem superior e 1,6 km de vias marginais em cada um dos dois sentidos. As obras est\u00e3o avaliadas em R$ 150 milh\u00f5es e a expectativa \u00e9 que elas sejam conclu\u00eddas no pr\u00f3ximo ano.&nbsp;<\/p>\n\n\n\n<p>O governador Wanderlei Barbosa destacou a alegria em receber o ministro Renan Filho e as boas not\u00edcias para o Tocantins. &#8220;Essas duas interven\u00e7\u00f5es j\u00e1 s\u00e3o um alento para a popula\u00e7\u00e3o, fico feliz com isso. Nesse primeiro momento s\u00e3o 13 km, mas n\u00f3s queremos que essa duplica\u00e7\u00e3o chegue a Para\u00edso e outras cidades do Tocantins, porque a BR-153 tem um fluxo de ve\u00edculos muito forte&#8221;, explicou o Governador, afirmando que a visita foi bastante positiva, principalmente para a popula\u00e7\u00e3o de Gurupi e Alian\u00e7a do Tocantins.<\/p>\n\n\n\n<p>Na ocasi\u00e3o, o ministro Renan Filho agradeceu a recep\u00e7\u00e3o e ressaltou a parceria com o governador Wanderlei Barbosa para avan\u00e7ar em projetos rodovi\u00e1rios no Estado. &#8220;Quero agradecer ao governador Wanderlei Barbosa e ao vice-governador Laurez Moreira, bem como as bancadas federal e estadual, porque \u00e9 assim, com essa uni\u00e3o de for\u00e7as, que a gente acredita que vai avan\u00e7ar o Tocantins e o Brasil&#8221;, pontuou o ministro, afirmando que a duplica\u00e7\u00e3o vai iniciar imediatamente, para que seja entregue em 12 meses.&nbsp;<\/p>\n\n\n\n<p>O ministro ainda salientou que essas obras v\u00e3o mudar o aspecto visual da cidade, proporcionar seguran\u00e7a e favorecer o escoamento da produ\u00e7\u00e3o, al\u00e9m de gerar empregos. Ele tamb\u00e9m adiantou que, a partir de 2024, as a\u00e7\u00f5es de duplica\u00e7\u00e3o da rodovia ser\u00e3o intensificadas. &#8220;A partir do ano que vem, neste mesmo contrato, inicia-se o compromisso de duplicar 60 km da BR-153 a cada ano, para ligar as cidades do sul do Tocantins at\u00e9 o estado de Goi\u00e1s&#8221;, assegurou o ministro Renan Filho.<\/p>\n\n\n\n<p>O vice-governador Laurez Moreira refor\u00e7ou que essas frentes de obras nas cidades de Gurupi e Alian\u00e7a s\u00e3o muito importantes, em v\u00e1rios aspectos. &#8220;Isso significa desenvolvimento para a regi\u00e3o, seguran\u00e7a para os usu\u00e1rios, para a popula\u00e7\u00e3o, al\u00e9m de favorecer o escoamento da produ\u00e7\u00e3o&#8221;, pontuou.&nbsp;<\/p>\n\n\n\n<p><strong>Seguran\u00e7a<\/strong><\/p>\n\n\n\n<p>A duplica\u00e7\u00e3o \u00e9 uma das obras mais aguardadas pela comunidade local e representa seguran\u00e7a para pedestres e ciclistas que precisam atravessar a cidade, e enfrentam o tr\u00e2nsito pesado de caminh\u00f5es no per\u00edmetro urbano da rodovia.&nbsp;<\/p>\n\n\n\n<p>O diretor-presidente de Concess\u00f5es Rodovi\u00e1rias Federais da Ecorodovias, Rui Klein, destacou que o ato de assinatura foi um momento especial para o Tocantins e para a Ecorodovias. Ele explicou que a empresa conta com 11 concess\u00f5es rodovi\u00e1rias no Brasil e atua em quase 5 mil km, em oito estados e agora chega ao Tocantins. &#8220;Essa jornada acabou de come\u00e7ar aqui no Estado. Vamos fazer muitas obras e promover muito desenvolvimento para o Tocantins. Isso aqui \u00e9 s\u00f3 o come\u00e7o&#8221;, concluiu.<\/p>\n\n\n\n<p>A prefeita de Gurupi, Josi Nunes, afirmou que a duplica\u00e7\u00e3o \u00e9 uma obra muito esperada. &#8220;O pontap\u00e9 de in\u00edcio dessas obras representa um sonho concretizado pela popula\u00e7\u00e3o e pelos empres\u00e1rios. Vai melhorar muito o tr\u00e1fego&#8221;, comentou.<\/p>\n\n\n\n<p><strong>&nbsp;Cronograma<\/strong><\/p>\n\n\n\n<p>Ao todo, o contrato de concess\u00e3o prev\u00ea 622 km de duplica\u00e7\u00f5es, 57% com previs\u00e3o de conclus\u00e3o at\u00e9 o 10\u00ba ano. Ser\u00e3o investidos R$ 7,8 bilh\u00f5es em obras, al\u00e9m de outros R$ 6,2 bilh\u00f5es relativos a custos operacionais, conforme estimativas do Governo Federal.<\/p>\n\n\n\n<p>Somente no Tocantins, est\u00e1 prevista a duplica\u00e7\u00e3o de 173,98 km. Em Goi\u00e1s, at\u00e9 o final do 4\u00ba ano de concess\u00e3o, ser\u00e3o cerca de 53,44 km de duplica\u00e7\u00f5es, contemplando Urua\u00e7u (16,4 km), Campinorte (7 km), Rialma (28,6 km) e Rian\u00e1polis (1,4 km). E, at\u00e9 o final do contrato, ser\u00e3o 448,54 km de rodovias duplicadas no estado.<\/p>\n\n\n\n<p><img decoding=\"async\" src=\"https:\/\/central.to.gov.br\/image\/348360?w=670&amp;h=383\"><\/p>\n\n\n\n<p><em><strong>Ao todo, s\u00e3o quase 13 km de vias, beneficiando os munic\u00edpios de Gurupi e Alian\u00e7a do Tocantins &#8211; Foto: Loise Maria\/Governo do Tocantins\u00a0<\/strong><\/em><\/p>\n\n\n\n<figure class=\"wp-block-image size-full\"><img loading=\"lazy\" decoding=\"async\" width=\"640\" height=\"193\" src=\"https:\/\/focotocantinense.com.br\/wp-content\/uploads\/2023\/09\/VINI-2.jpg\" alt=\"\" class=\"wp-image-5998\" srcset=\"https:\/\/focotocantinense.com.br\/wp-content\/uploads\/2023\/09\/VINI-2.jpg 640w, https:\/\/focotocantinense.com.br\/wp-content\/uploads\/2023\/09\/VINI-2-300x90.jpg 300w\" sizes=\"auto, (max-width: 640px) 100vw, 640px\" \/><\/figure>\n","protected":false},"excerpt":{"rendered":"<p>Ao lado do ministro dos Transportes, Renan Filho, o governador do Tocantins, Wanderlei Barbosa, e o vice-governador Laurez Moreira participaram, nesta segunda-feira, 25, em Gurupi, regi\u00e3o sul do Estado, da solenidade de assinatura do in\u00edcio das obras de duplica\u00e7\u00e3o da BR-153, nos per\u00edmetros urbanos de Gurupi e Alian\u00e7a do Tocantins. Ao todo, s\u00e3o quase 13 &hellip;<\/p>\n","protected":false},"author":5,"featured_media":6011,"comment_status":"open","ping_status":"open","sticky":false,"template":"","format":"standard","meta":{"footnotes":""},"categories":[38],"tags":[],"class_list":["post-6010","post","type-post","status-publish","format-standard","has-post-thumbnail","","category-gurupi"],"_links":{"self":[{"href":"https:\/\/focotocantinense.com.br\/index.php?rest_route=\/wp\/v2\/posts\/6010","targetHints":{"allow":["GET"]}}],"collection":[{"href":"https:\/\/focotocantinense.com.br\/index.php?rest_route=\/wp\/v2\/posts"}],"about":[{"href":"https:\/\/focotocantinense.com.br\/index.php?rest_route=\/wp\/v2\/types\/post"}],"author":[{"embeddable":true,"href":"https:\/\/focotocantinense.com.br\/index.php?rest_route=\/wp\/v2\/users\/5"}],"replies":[{"embeddable":true,"href":"https:\/\/focotocantinense.com.br\/index.php?rest_route=%2Fwp%2Fv2%2Fcomments&post=6010"}],"version-history":[{"count":1,"href":"https:\/\/focotocantinense.com.br\/index.php?rest_route=\/wp\/v2\/posts\/6010\/revisions"}],"predecessor-version":[{"id":6012,"href":"https:\/\/focotocantinense.com.br\/index.php?rest_route=\/wp\/v2\/posts\/6010\/revisions\/6012"}],"wp:featuredmedia":[{"embeddable":true,"href":"https:\/\/focotocantinense.com.br\/index.php?rest_route=\/wp\/v2\/media\/6011"}],"wp:attachment":[{"href":"https:\/\/focotocantinense.com.br\/index.php?rest_route=%2Fwp%2Fv2%2Fmedia&parent=6010"}],"wp:term":[{"taxonomy":"category","embeddable":true,"href":"https:\/\/focotocantinense.com.br\/index.php?rest_route=%2Fwp%2Fv2%2Fcategories&post=6010"},{"taxonomy":"post_tag","embeddable":true,"href":"https:\/\/focotocantinense.com.br\/index.php?rest_route=%2Fwp%2Fv2%2Ftags&post=6010"}],"curies":[{"name":"wp","href":"https:\/\/api.w.org\/{rel}","templated":true}]}}