{"id":6007,"date":"2023-09-26T07:46:58","date_gmt":"2023-09-26T10:46:58","guid":{"rendered":"https:\/\/focotocantinense.com.br\/?p=6007"},"modified":"2023-09-26T07:46:59","modified_gmt":"2023-09-26T10:46:59","slug":"academicos-da-unirg-promovem-acao-com-adolescentes-do-sistema-socioeducativo","status":"publish","type":"post","link":"https:\/\/focotocantinense.com.br\/?p=6007","title":{"rendered":"Acad\u00eamicos da UnirG promovem a\u00e7\u00e3o com adolescentes do sistema socioeducativo"},"content":{"rendered":"\n<p>Os acad\u00eamicos&nbsp;do segundo per\u00edodo de Pedagogia e de Letras da Universidade de Gurupi \u2013 UnirG, em parceria com o Studio Body de Tatuagem, realizaram um workshop com adolescentes da Unidade de Semiliberdade do Sistema Socioeducativo.&nbsp; A a\u00e7\u00e3o ocorreu na \u00faltima semana e contou com a participa\u00e7\u00e3o de quatro jovens.<\/p>\n\n\n\n<p>As atividades s\u00e3o orientadas pelas professoras Dr\u00aa Jussara Resende e Ma. Edna Pinho, realizadas no campus I da UnirG e no est\u00fadio de tatuagem com o tatuador Wellignton&nbsp;Rabelo.&nbsp;<\/p>\n\n\n\n<p>O projeto tem como objetivo envolver os acad\u00eamicos de Pedagogia e Letras como protagonistas em atividades sociais e educativas com os socioeducandos do Sistema socioeductivo.&nbsp;<\/p>\n\n\n\n<p>A iniciativa faz parte do projeto de extens\u00e3o curricularizada &#8220;Projeto cidadania com alunos do socioeducativo: educa\u00e7\u00e3o como processo de transforma\u00e7\u00e3o Social\u201d, desenvolvido com acad\u00eamicos dos primeiros aos terceiros per\u00edodos dos respectivos cursos.<\/p>\n\n\n\n<p>Para este semestre ainda est\u00e3o planejadas, juntamente com a unidade semiliberdade, atividades formativas em parcerias com outros profissionais, como: oficinas de tatuagem, grafite e produ\u00e7\u00e3o de objetos com resina, atividades de acompanhamento escolar em L\u00edngua Portuguesa e Matem\u00e1tica do ensino fundamental, oficinas de inform\u00e1tica, desenho e fotografias, al\u00e9m de atividades recreativas em parceria com o\u00a0Programa de Atividades F\u00edsicas e Esportivas da UnirG &#8211; Proafe.<\/p>\n\n\n\n<figure class=\"wp-block-image size-full\"><img loading=\"lazy\" decoding=\"async\" width=\"800\" height=\"400\" src=\"https:\/\/focotocantinense.com.br\/wp-content\/uploads\/2023\/09\/Imagem-7780b754737b67457e858de0696e7ee0.jpg\" alt=\"\" class=\"wp-image-6008\" srcset=\"https:\/\/focotocantinense.com.br\/wp-content\/uploads\/2023\/09\/Imagem-7780b754737b67457e858de0696e7ee0.jpg 800w, https:\/\/focotocantinense.com.br\/wp-content\/uploads\/2023\/09\/Imagem-7780b754737b67457e858de0696e7ee0-300x150.jpg 300w, https:\/\/focotocantinense.com.br\/wp-content\/uploads\/2023\/09\/Imagem-7780b754737b67457e858de0696e7ee0-768x384.jpg 768w, https:\/\/focotocantinense.com.br\/wp-content\/uploads\/2023\/09\/Imagem-7780b754737b67457e858de0696e7ee0-660x330.jpg 660w\" sizes=\"auto, (max-width: 800px) 100vw, 800px\" \/><\/figure>\n\n\n\n<p>.<\/p>\n\n\n\n<p><\/p>\n\n\n\n<figure class=\"wp-block-image\"><img decoding=\"async\" src=\"http:\/\/n1to.com.br\/img\/uploads\/VINI_155.jpg\" alt=\"\"\/><\/figure>\n","protected":false},"excerpt":{"rendered":"<p>Os acad\u00eamicos&nbsp;do segundo per\u00edodo de Pedagogia e de Letras da Universidade de Gurupi \u2013 UnirG, em parceria com o Studio Body de Tatuagem, realizaram um workshop com adolescentes da Unidade de Semiliberdade do Sistema Socioeducativo.&nbsp; A a\u00e7\u00e3o ocorreu na \u00faltima semana e contou com a participa\u00e7\u00e3o de quatro jovens. As atividades s\u00e3o orientadas pelas professoras &hellip;<\/p>\n","protected":false},"author":5,"featured_media":6008,"comment_status":"open","ping_status":"open","sticky":false,"template":"","format":"standard","meta":{"footnotes":""},"categories":[38],"tags":[],"class_list":["post-6007","post","type-post","status-publish","format-standard","has-post-thumbnail","","category-gurupi"],"_links":{"self":[{"href":"https:\/\/focotocantinense.com.br\/index.php?rest_route=\/wp\/v2\/posts\/6007","targetHints":{"allow":["GET"]}}],"collection":[{"href":"https:\/\/focotocantinense.com.br\/index.php?rest_route=\/wp\/v2\/posts"}],"about":[{"href":"https:\/\/focotocantinense.com.br\/index.php?rest_route=\/wp\/v2\/types\/post"}],"author":[{"embeddable":true,"href":"https:\/\/focotocantinense.com.br\/index.php?rest_route=\/wp\/v2\/users\/5"}],"replies":[{"embeddable":true,"href":"https:\/\/focotocantinense.com.br\/index.php?rest_route=%2Fwp%2Fv2%2Fcomments&post=6007"}],"version-history":[{"count":1,"href":"https:\/\/focotocantinense.com.br\/index.php?rest_route=\/wp\/v2\/posts\/6007\/revisions"}],"predecessor-version":[{"id":6009,"href":"https:\/\/focotocantinense.com.br\/index.php?rest_route=\/wp\/v2\/posts\/6007\/revisions\/6009"}],"wp:featuredmedia":[{"embeddable":true,"href":"https:\/\/focotocantinense.com.br\/index.php?rest_route=\/wp\/v2\/media\/6008"}],"wp:attachment":[{"href":"https:\/\/focotocantinense.com.br\/index.php?rest_route=%2Fwp%2Fv2%2Fmedia&parent=6007"}],"wp:term":[{"taxonomy":"category","embeddable":true,"href":"https:\/\/focotocantinense.com.br\/index.php?rest_route=%2Fwp%2Fv2%2Fcategories&post=6007"},{"taxonomy":"post_tag","embeddable":true,"href":"https:\/\/focotocantinense.com.br\/index.php?rest_route=%2Fwp%2Fv2%2Ftags&post=6007"}],"curies":[{"name":"wp","href":"https:\/\/api.w.org\/{rel}","templated":true}]}}