{"id":6004,"date":"2023-09-25T09:10:17","date_gmt":"2023-09-25T12:10:17","guid":{"rendered":"https:\/\/focotocantinense.com.br\/?p=6004"},"modified":"2023-09-25T09:10:18","modified_gmt":"2023-09-25T12:10:18","slug":"antonio-andrade-prestigia-missa-da-padroeira-de-porto-nacional-nossa-senhora-das-merces","status":"publish","type":"post","link":"https:\/\/focotocantinense.com.br\/?p=6004","title":{"rendered":"Antonio Andrade prestigia Missa da Padroeira de Porto Nacional, Nossa Senhora das Merc\u00eas"},"content":{"rendered":"\n<p>Com muita f\u00e9 e emo\u00e7\u00e3o, o parlamentar agradeceu pelas b\u00ean\u00e7\u00e3os recebidas<\/p>\n\n\n\n<p>Como faz todos os anos, o deputado federal Antonio Andrade, ao lado de sua esposa Virg\u00ednia Andrade, se uniu a comunidade portuense na manh\u00e3 deste domingo, 24 de setembro, para celebrar o dia de Nossa Senhora das Merc\u00eas, padroeira do munic\u00edpio, em missa celebrada por Dom Jos\u00e9 Moreira.<\/p>\n\n\n\n<p>Uma oportunidade especial de render homenagens e de renovar a f\u00e9, em uma das principais manifesta\u00e7\u00f5es religiosas de Porto Nacional que re\u00fane todos os anos milhares de pessoas em um mesmo prop\u00f3sito.<\/p>\n\n\n\n<p>Na ocasi\u00e3o, o deputado destacou em sua fala. \u201cEssa \u00e9 uma data muito especial para a comunidade cat\u00f3lica da cidade, momento onde podemos presenciar uma grande manifesta\u00e7\u00e3o de f\u00e9 e adora\u00e7\u00e3o \u00e0 Padroeira. Aqui, ao lado dos devotos agradecemos pelas gra\u00e7as alcan\u00e7adas. Mais uma vez, a devo\u00e7\u00e3o dos crist\u00e3os cat\u00f3licos ratificando a f\u00e9\u201d, frisou o parlamentar.<\/p>\n\n\n\n<p>Vale ressaltar que em apoio aos festejos da Padroeira, Antonio Andrade fez a doa\u00e7\u00e3o de uma moto para a Par\u00f3quia. A mesma ser\u00e1 sorteada no fim do ano e todo o dinheiro arrecadado ser\u00e1 utilizado para custeio das a\u00e7\u00f5es da igreja.<\/p>\n\n\n\n<p>Assessoria de Comunica\u00e7\u00e3o do Deputado Federal Antonio Andrade<\/p>\n","protected":false},"excerpt":{"rendered":"<p>Com muita f\u00e9 e emo\u00e7\u00e3o, o parlamentar agradeceu pelas b\u00ean\u00e7\u00e3os recebidas Como faz todos os anos, o deputado federal Antonio Andrade, ao lado de sua esposa Virg\u00ednia Andrade, se uniu a comunidade portuense na manh\u00e3 deste domingo, 24 de setembro, para celebrar o dia de Nossa Senhora das Merc\u00eas, padroeira do munic\u00edpio, em missa celebrada &hellip;<\/p>\n","protected":false},"author":5,"featured_media":6005,"comment_status":"open","ping_status":"open","sticky":false,"template":"","format":"standard","meta":{"footnotes":""},"categories":[1],"tags":[],"class_list":["post-6004","post","type-post","status-publish","format-standard","has-post-thumbnail","","category-sem-categoria"],"_links":{"self":[{"href":"https:\/\/focotocantinense.com.br\/index.php?rest_route=\/wp\/v2\/posts\/6004","targetHints":{"allow":["GET"]}}],"collection":[{"href":"https:\/\/focotocantinense.com.br\/index.php?rest_route=\/wp\/v2\/posts"}],"about":[{"href":"https:\/\/focotocantinense.com.br\/index.php?rest_route=\/wp\/v2\/types\/post"}],"author":[{"embeddable":true,"href":"https:\/\/focotocantinense.com.br\/index.php?rest_route=\/wp\/v2\/users\/5"}],"replies":[{"embeddable":true,"href":"https:\/\/focotocantinense.com.br\/index.php?rest_route=%2Fwp%2Fv2%2Fcomments&post=6004"}],"version-history":[{"count":1,"href":"https:\/\/focotocantinense.com.br\/index.php?rest_route=\/wp\/v2\/posts\/6004\/revisions"}],"predecessor-version":[{"id":6006,"href":"https:\/\/focotocantinense.com.br\/index.php?rest_route=\/wp\/v2\/posts\/6004\/revisions\/6006"}],"wp:featuredmedia":[{"embeddable":true,"href":"https:\/\/focotocantinense.com.br\/index.php?rest_route=\/wp\/v2\/media\/6005"}],"wp:attachment":[{"href":"https:\/\/focotocantinense.com.br\/index.php?rest_route=%2Fwp%2Fv2%2Fmedia&parent=6004"}],"wp:term":[{"taxonomy":"category","embeddable":true,"href":"https:\/\/focotocantinense.com.br\/index.php?rest_route=%2Fwp%2Fv2%2Fcategories&post=6004"},{"taxonomy":"post_tag","embeddable":true,"href":"https:\/\/focotocantinense.com.br\/index.php?rest_route=%2Fwp%2Fv2%2Ftags&post=6004"}],"curies":[{"name":"wp","href":"https:\/\/api.w.org\/{rel}","templated":true}]}}