{"id":6000,"date":"2023-09-23T19:49:01","date_gmt":"2023-09-23T22:49:01","guid":{"rendered":"https:\/\/focotocantinense.com.br\/?p=6000"},"modified":"2023-09-23T19:50:17","modified_gmt":"2023-09-23T22:50:17","slug":"do-tingimento-com-argila-producao-com-tecidos-pet-e-ate-o-coco-babacu-desfile-de-modas-na-capital-une-criatividade-economia-criativa-e-sustentabilidade","status":"publish","type":"post","link":"https:\/\/focotocantinense.com.br\/?p=6000","title":{"rendered":"Do tingimento com argila, produ\u00e7\u00e3o com tecidos pet e at\u00e9 o coco baba\u00e7u, desfile de modas na Capital une criatividade, economia criativa e sustentabilidade"},"content":{"rendered":"\n<p><strong>Por Cinthia Abreu<\/strong><\/p>\n\n\n\n<p>A onda mundial de produzir roupas e acess\u00f3rios sem prejudicar o meio ambiente j\u00e1 \u00e9 uma forte tend\u00eancia no Tocantins. Em Palmas, um projeto cultural nomeado de Sustentabilidade em Moda levou pe\u00e7as de roupas e acess\u00f3rios que utilizam a sustentabilidade como elemento essencial no processo de produ\u00e7\u00e3o para a passarela de modas. O desfile aconteceu na quinta-feira, 21, integrado \u00e0 programa\u00e7\u00e3o do Tocantins Fashion Week.<\/p>\n\n\n\n<p>Al\u00e9m de pe\u00e7as que utilizam elementos como algod\u00e3o org\u00e2nico, dejetos da ind\u00fastria, tecidos naturais e outras formas de produ\u00e7\u00e3o que n\u00e3o agridem ao meio ambiente, a proposta foi tamb\u00e9m de dar visibilidade a mulheres micro e pequenas empreendedoras, sendo 95% dos produtos feitos a m\u00e3o, agregando ao conceito da sustentabilidade ainda a criatividade e a economia criativa.<\/p>\n\n\n\n<p>A microempreendedora Marta Benosse \u00e9 uma das participantes, propriet\u00e1ria da Gaia Shop, que oferece moda Alternativa e \u00c9tnica, com tecidos de fibra natural. Ela vende as pe\u00e7as em rede social e tamb\u00e9m em feitas itinerantes na Capital. \u201cAlgumas pe\u00e7as s\u00e3o produzidas com a t\u00e9cnica de tingimento natural, usando pigmentos encontrados na natureza, com responsabilidade e respeito, e fortalecendo a economia local. S\u00e3o pe\u00e7as em tecido 100% algod\u00e3o com tingimentos naturais por meio de produtos como cascas de rom\u00e3 e cascas de cebola, barbatim\u00e3o e crajiru e tingimento com argila (barro)\u201d, explica.<\/p>\n\n\n\n<p>Respons\u00e1vel pela Manga Rosa Couros, que vende cal\u00e7ados com foco bastante regional tamb\u00e9m via redes sociais e feira itinerante, a artes\u00e3 Let\u00edcia Ambrosio trouxe ao estado do Tocantins a inten\u00e7\u00e3o de levar ao p\u00fablico em geral a oportunidade de usufruir dos cal\u00e7ados e acess\u00f3rios em couro natural. \u201cAl\u00e9m de trabalhar a legitimidade e sustentabilidade nas pe\u00e7as, primamos o conforto e qualidade com cal\u00e7ados produzidos artesanalmente, com mat\u00e9ria prima natural, como couro, madeira, palha e pedra natural\u201d, afirma.<\/p>\n\n\n\n<p>A artes\u00e3 Fabiana Wandscheer, propriet\u00e1ria da Ateli\u00ea Casa da M\u00e3e e da Joana, \u00e9 quem produz e vende suas pr\u00f3prias pe\u00e7as, nas ruas, para familiares e conhecidos, em redes sociais e feiras. Ela trabalha com res\u00edduos de ind\u00fastrias t\u00eaxteis para produzir bolsas coloridas e bastante criativas, que se transformam em verdadeiras obras de arte. \u201cConfecciono pe\u00e7as com material que essas ind\u00fastrias n\u00e3o conseguem mais fazer uma pe\u00e7a de roupa, como restos de tecidos, que agregado \u00e0 t\u00e9cnica do croch\u00ea se transformam em bolsas e maxicolares. A t\u00e9cnica recebe o nome de croch\u00ea contempor\u00e2neo, maxi croch\u00ea ou croch\u00ea moderno\u201d, aponta.<\/p>\n\n\n\n<p>Idealizadora da Makra Ateli\u00ea, J\u00e9ssica Vieira Borges ainda d\u00e1 os primeiros passos como empreendedora, mas com talento, responsabilidade social e sonhos que seguem longa carreira. \u201cTem sido surpreendente o acolhimento as minhas pe\u00e7as, que s\u00e3o brincos grandes, leves e sustent\u00e1veis. Mais do que uma marca de brincos de macram\u00ea \u00e9 uma declara\u00e7\u00e3o de estilo e responsabilidade. Cada pe\u00e7a \u00e9 produzida utilizando barbante ecol\u00f3gico como mat\u00e9ria-prima principal e tamb\u00e9m utiliza acess\u00f3rios de madeira, palha de buriti e at\u00e9 mesmo o coco baba\u00e7u\u201d, orgulha-se ela que produz os brincos e acess\u00f3rios \u00e0 m\u00e3o.<\/p>\n\n\n\n<p>A Si\u00e1 ECO \u00e9 um neg\u00f3cio de fam\u00edlia, de sociedade da costureira Maria Lucimar Pereira Torres com sua filha Gabriela Raia. \u201cEu j\u00e1 trabalho com costura h\u00e1 mais de 30 anos, mas por influ\u00eancia da minha fam\u00edlia agregamos pe\u00e7as baseadas na ideia de moda circular. Diferente da reciclagem, que \u00e9 resultado de transforma\u00e7\u00f5es f\u00edsico-qu\u00edmicas na mat\u00e9ria-prima, reutilizamos o tecido como ele \u00e9\u201d, orienta ela ao falar sobre as pe\u00e7as que s\u00e3o feitas com tecidos biodegrad\u00e1veis: algod\u00e3o e linho.<\/p>\n\n\n\n<p>A empreendedora Hellen Fl\u00e1via, Sempre-Viva Jalap\u00e3o, explica que a marca nasceu da vontade de traduzir a experi\u00eancia do turismo no Tocantins em presentes. As camisetas s\u00e3o camisetas feitas de 50% algod\u00e3o org\u00e2nico e 50% pet, embaladas em material biodegrad\u00e1vel. No desfile, ela lan\u00e7ou nova cole\u00e7\u00e3o, em comemora\u00e7\u00e3o aos 35 anos do Tocantins, que traz elementos que representam a fauna, a flora e a hist\u00f3ria do Estado trazendo luz \u00e0 necessidade de preserva\u00e7\u00e3o e valoriza\u00e7\u00e3o da diversidade local. \u201cAl\u00e9m disso, priorizamos o uso de materiais sustent\u00e1veis e trabalhamos dia a dia para a redu\u00e7\u00e3o da produ\u00e7\u00e3o de lixo na nossa opera\u00e7\u00e3o\u201d, ressaltou.<\/p>\n\n\n\n<figure class=\"wp-block-image size-full\"><img loading=\"lazy\" decoding=\"async\" width=\"637\" height=\"487\" src=\"https:\/\/focotocantinense.com.br\/wp-content\/uploads\/2023\/09\/BBBBBB-2.jpg\" alt=\"\" class=\"wp-image-6002\" srcset=\"https:\/\/focotocantinense.com.br\/wp-content\/uploads\/2023\/09\/BBBBBB-2.jpg 637w, https:\/\/focotocantinense.com.br\/wp-content\/uploads\/2023\/09\/BBBBBB-2-300x229.jpg 300w\" sizes=\"auto, (max-width: 637px) 100vw, 637px\" \/><\/figure>\n\n\n\n<p><strong>Projetos<\/strong><\/p>\n\n\n\n<p>De acordo com a consultora de moda do projeto, Patricia Fregonesi, a sustentabilidade na moda j\u00e1 \u00e9 uma tend\u00eancia que ganha espa\u00e7o cada vez mais no mercado. Isso ocorre muito por conta da banaliza\u00e7\u00e3o das produ\u00e7\u00f5es massivas e aceleradas, que est\u00e3o tendo dificuldades para criar uma conex\u00e3o mais duradoura com o consumidor. \u201cA sustentabilidade na moda est\u00e1 desde a mat\u00e9ria-prima que voc\u00ea confeciona at\u00e9 menos res\u00edduos de produ\u00e7\u00e3o, mais artesanal, e aqui em Palmas a gente tem muito desses produtos alinhados a essa tend\u00eancia de unir a criatividade com a prote\u00e7\u00e3o ao meio ambiente\u201d.<\/p>\n\n\n\n<p>Idealizadora do projeto e produtora executiva do Desfile, Cinthia Abreu explicou que o desfile Sustentabilidade em Moda mostra ao p\u00fablico que a moda pode ser criativa e inovadora enquanto ainda segue abordagem sustent\u00e1vel. \u201cO consumo acelerado de roupas tem deixado grandes marcas no meio ambiente. Al\u00e9m disso, a ind\u00fastria t\u00eaxtil tamb\u00e9m fomenta a desigualdade sociocultural, pois muitas vezes utiliza empregos sazonais, informais e at\u00e9 trabalho escravo. A nossa proposta foi seguir no fluxo a favor do meio ambiente, sem deixar de lado a beleza das pe\u00e7as e criatividade\u201d, complementou.<\/p>\n\n\n\n<p>A Presidente do Instituto Brasil Sustent\u00e1vel (IBS), a empres\u00e1ria Luciv\u00e2nia Brito de Abreu, complementa que o projeto escolheu trabalhar com mulheres micro e pequenas empreendedoras como forma de incentivo \u00e0 economia criativa. \u201cS\u00e3o costureiras, artes\u00e3s, que mostraram a beleza e grandiosidade de suas produ\u00e7\u00f5es que t\u00eam condi\u00e7\u00f5es de estar presentes nas maiores passarelas do mundo, tanto pelo conceito de criatividade quanto de identidade com muitas produ\u00e7\u00f5es feitas \u00e0 m\u00e3o\u201d, concluiu Luciv\u00e2nia.<\/p>\n\n\n\n<p>O desfile Sustentabilidade em Moda \u00e9 uma realiza\u00e7\u00e3o do Instituto Brasil Sustent\u00e1vel (IBS) com patroc\u00ednio do Programa Municipal de Incentivo \u00e0 Cultura (Promic), da Funda\u00e7\u00e3o Cultural de Palmas (FCP). O desfile contou com a presen\u00e7a da presidente da FCP, Cleizenir Vieira, e t\u00e9cnicos da funda\u00e7\u00e3o.<\/p>\n\n\n\n<figure class=\"wp-block-image\"><img decoding=\"async\" src=\"http:\/\/n1to.com.br\/img\/uploads\/cccc_16.jpg\" alt=\"\"\/><\/figure>\n\n\n\n<figure class=\"wp-block-image\"><img decoding=\"async\" src=\"http:\/\/n1to.com.br\/img\/uploads\/VINI_155.jpg\" alt=\"\"\/><\/figure>\n","protected":false},"excerpt":{"rendered":"<p>Por Cinthia Abreu A onda mundial de produzir roupas e acess\u00f3rios sem prejudicar o meio ambiente j\u00e1 \u00e9 uma forte tend\u00eancia no Tocantins. Em Palmas, um projeto cultural nomeado de Sustentabilidade em Moda levou pe\u00e7as de roupas e acess\u00f3rios que utilizam a sustentabilidade como elemento essencial no processo de produ\u00e7\u00e3o para a passarela de modas. &hellip;<\/p>\n","protected":false},"author":5,"featured_media":6002,"comment_status":"open","ping_status":"open","sticky":false,"template":"","format":"standard","meta":{"footnotes":""},"categories":[104],"tags":[],"class_list":["post-6000","post","type-post","status-publish","format-standard","has-post-thumbnail","","category-cultura"],"_links":{"self":[{"href":"https:\/\/focotocantinense.com.br\/index.php?rest_route=\/wp\/v2\/posts\/6000","targetHints":{"allow":["GET"]}}],"collection":[{"href":"https:\/\/focotocantinense.com.br\/index.php?rest_route=\/wp\/v2\/posts"}],"about":[{"href":"https:\/\/focotocantinense.com.br\/index.php?rest_route=\/wp\/v2\/types\/post"}],"author":[{"embeddable":true,"href":"https:\/\/focotocantinense.com.br\/index.php?rest_route=\/wp\/v2\/users\/5"}],"replies":[{"embeddable":true,"href":"https:\/\/focotocantinense.com.br\/index.php?rest_route=%2Fwp%2Fv2%2Fcomments&post=6000"}],"version-history":[{"count":2,"href":"https:\/\/focotocantinense.com.br\/index.php?rest_route=\/wp\/v2\/posts\/6000\/revisions"}],"predecessor-version":[{"id":6003,"href":"https:\/\/focotocantinense.com.br\/index.php?rest_route=\/wp\/v2\/posts\/6000\/revisions\/6003"}],"wp:featuredmedia":[{"embeddable":true,"href":"https:\/\/focotocantinense.com.br\/index.php?rest_route=\/wp\/v2\/media\/6002"}],"wp:attachment":[{"href":"https:\/\/focotocantinense.com.br\/index.php?rest_route=%2Fwp%2Fv2%2Fmedia&parent=6000"}],"wp:term":[{"taxonomy":"category","embeddable":true,"href":"https:\/\/focotocantinense.com.br\/index.php?rest_route=%2Fwp%2Fv2%2Fcategories&post=6000"},{"taxonomy":"post_tag","embeddable":true,"href":"https:\/\/focotocantinense.com.br\/index.php?rest_route=%2Fwp%2Fv2%2Ftags&post=6000"}],"curies":[{"name":"wp","href":"https:\/\/api.w.org\/{rel}","templated":true}]}}