{"id":5996,"date":"2023-09-23T18:54:57","date_gmt":"2023-09-23T21:54:57","guid":{"rendered":"https:\/\/focotocantinense.com.br\/?p=5996"},"modified":"2023-09-23T18:54:58","modified_gmt":"2023-09-23T21:54:58","slug":"anestesista-do-hospital-dom-orione-ministra-palestra-em-conferencia-mundial","status":"publish","type":"post","link":"https:\/\/focotocantinense.com.br\/?p=5996","title":{"rendered":"Anestesista do Hospital Dom Orione ministra palestra em Confer\u00eancia Mundial"},"content":{"rendered":"\n<p><strong>Por Rodrigo Martins&nbsp;<\/strong><\/p>\n\n\n\n<p>A anestesiologista especialista em dor do&nbsp;Hospital Dom Orione, Dra. Ana Cristina Mendanha, foi palestrante na&nbsp;Confer\u00eancia Mundial de Cuidados Intensivos e Anestesiologia&nbsp;<em>(World Critical Care &amp; Anesthesiology Conference)<\/em>. O evento foi realizado nos dias 08 e 09 de setembro, em Cingapura, na \u00c1sia.<\/p>\n\n\n\n<p>Dra. Ana Cristina compartilhou sua empolga\u00e7\u00e3o e gratid\u00e3o em participar de uma confer\u00eancia desse porte. \u201cOportunidade incr\u00edvel de representar a Anestesiologia e Dor de Aragua\u00edna e do Tocantins em um evento internacional de Medicina, al\u00e9m de poder compartilhar experi\u00eancias profissionais e de ensino e pesquisa com especialistas de diversos pa\u00edses\u201d, destacou.<\/p>\n\n\n\n<p>O tema ministrado pela anestesiologista foi \u201cPreval\u00eancia da dor cr\u00f4nica no mundo e seus impactos\u201d. Ela explica que a dor cr\u00f4nica \u00e9 um problema global, afeta cerca de 30% da popula\u00e7\u00e3o e \u00e9 considerada um problema de sa\u00fade p\u00fablica. \u201cPessoas que sofrem com quadros de dor cr\u00f4nica devem ser identificadas, tratamento adequado deve ser oferecido e os profissionais de sa\u00fade devem ser capacitados no sentido de compreender a fisiopatologia da dor e seu tratamento\u201d.<\/p>\n\n\n\n<p>Organizado pela\u00a0<em>Episirus Scientifica<\/em>, a Confer\u00eancia Mundial de Cuidados Intensivos e Anestesiologia \u00e9 conhecida internacionalmente pelo seu elevado n\u00edvel cient\u00edfico. A programa\u00e7\u00e3o contou com palestras e oficinas pr\u00e1ticas sobre temas atuais da Anestesiologia e da Terapia Intensiva, ministradas por cientistas de v\u00e1rias partes do mundo.<\/p>\n\n\n\n<figure class=\"wp-block-image size-full\"><img loading=\"lazy\" decoding=\"async\" width=\"646\" height=\"489\" src=\"https:\/\/focotocantinense.com.br\/wp-content\/uploads\/2023\/09\/Sem-titulo.jpg\" alt=\"\" class=\"wp-image-5997\" srcset=\"https:\/\/focotocantinense.com.br\/wp-content\/uploads\/2023\/09\/Sem-titulo.jpg 646w, https:\/\/focotocantinense.com.br\/wp-content\/uploads\/2023\/09\/Sem-titulo-300x227.jpg 300w\" sizes=\"auto, (max-width: 646px) 100vw, 646px\" \/><\/figure>\n\n\n\n<p><strong><em>,Dra. Ana Cristina ministrando sua palestra na confer\u00eancia.<\/em><\/strong><\/p>\n\n\n\n<figure class=\"wp-block-image size-full\"><img loading=\"lazy\" decoding=\"async\" width=\"640\" height=\"193\" src=\"https:\/\/focotocantinense.com.br\/wp-content\/uploads\/2023\/09\/VINI-2.jpg\" alt=\"\" class=\"wp-image-5998\" srcset=\"https:\/\/focotocantinense.com.br\/wp-content\/uploads\/2023\/09\/VINI-2.jpg 640w, https:\/\/focotocantinense.com.br\/wp-content\/uploads\/2023\/09\/VINI-2-300x90.jpg 300w\" sizes=\"auto, (max-width: 640px) 100vw, 640px\" \/><\/figure>\n","protected":false},"excerpt":{"rendered":"<p>Por Rodrigo Martins&nbsp; A anestesiologista especialista em dor do&nbsp;Hospital Dom Orione, Dra. Ana Cristina Mendanha, foi palestrante na&nbsp;Confer\u00eancia Mundial de Cuidados Intensivos e Anestesiologia&nbsp;(World Critical Care &amp; Anesthesiology Conference). O evento foi realizado nos dias 08 e 09 de setembro, em Cingapura, na \u00c1sia. Dra. Ana Cristina compartilhou sua empolga\u00e7\u00e3o e gratid\u00e3o em participar de &hellip;<\/p>\n","protected":false},"author":5,"featured_media":5997,"comment_status":"open","ping_status":"open","sticky":false,"template":"","format":"standard","meta":{"footnotes":""},"categories":[97],"tags":[],"class_list":["post-5996","post","type-post","status-publish","format-standard","has-post-thumbnail","","category-hospital-dom-orione"],"_links":{"self":[{"href":"https:\/\/focotocantinense.com.br\/index.php?rest_route=\/wp\/v2\/posts\/5996","targetHints":{"allow":["GET"]}}],"collection":[{"href":"https:\/\/focotocantinense.com.br\/index.php?rest_route=\/wp\/v2\/posts"}],"about":[{"href":"https:\/\/focotocantinense.com.br\/index.php?rest_route=\/wp\/v2\/types\/post"}],"author":[{"embeddable":true,"href":"https:\/\/focotocantinense.com.br\/index.php?rest_route=\/wp\/v2\/users\/5"}],"replies":[{"embeddable":true,"href":"https:\/\/focotocantinense.com.br\/index.php?rest_route=%2Fwp%2Fv2%2Fcomments&post=5996"}],"version-history":[{"count":1,"href":"https:\/\/focotocantinense.com.br\/index.php?rest_route=\/wp\/v2\/posts\/5996\/revisions"}],"predecessor-version":[{"id":5999,"href":"https:\/\/focotocantinense.com.br\/index.php?rest_route=\/wp\/v2\/posts\/5996\/revisions\/5999"}],"wp:featuredmedia":[{"embeddable":true,"href":"https:\/\/focotocantinense.com.br\/index.php?rest_route=\/wp\/v2\/media\/5997"}],"wp:attachment":[{"href":"https:\/\/focotocantinense.com.br\/index.php?rest_route=%2Fwp%2Fv2%2Fmedia&parent=5996"}],"wp:term":[{"taxonomy":"category","embeddable":true,"href":"https:\/\/focotocantinense.com.br\/index.php?rest_route=%2Fwp%2Fv2%2Fcategories&post=5996"},{"taxonomy":"post_tag","embeddable":true,"href":"https:\/\/focotocantinense.com.br\/index.php?rest_route=%2Fwp%2Fv2%2Ftags&post=5996"}],"curies":[{"name":"wp","href":"https:\/\/api.w.org\/{rel}","templated":true}]}}