{"id":5986,"date":"2023-09-22T20:32:48","date_gmt":"2023-09-22T23:32:48","guid":{"rendered":"https:\/\/focotocantinense.com.br\/?p=5986"},"modified":"2023-09-22T20:34:37","modified_gmt":"2023-09-22T23:34:37","slug":"prefeito-manoel-silvino-anuncia-reajustes-e-melhorias-na-carreira-dos-professores-de-tocantinia","status":"publish","type":"post","link":"https:\/\/focotocantinense.com.br\/?p=5986","title":{"rendered":"Prefeito Manoel Silvino anuncia reajustes e melhorias na carreira dos professores de Tocant\u00ednia"},"content":{"rendered":"\n<p>O Prefeito Manoel Silvino Gomes Neto, da cidade de Tocant\u00ednia, acompanhado pelo Secret\u00e1rio de Educa\u00e7\u00e3o, Andr\u00e9 Goveia, juntamente com t\u00e9cnicos da Secretaria Municipal de Educa\u00e7\u00e3o (Semed), membros da comiss\u00e3o do Plano de Cargos, Carreira e Sal\u00e1rios, e assessores, participaram de uma importante reuni\u00e3o com representantes dos professores da rede municipal. O encontro teve como foco a an\u00e1lise do or\u00e7amento e recursos financeiros dispon\u00edveis, bem como o desenvolvimento da carreira dos profissionais da educa\u00e7\u00e3o.<\/p>\n\n\n\n<p>Esta reuni\u00e3o faz parte de uma s\u00e9rie de estudos e di\u00e1logos construtivos que culminaram em decis\u00f5es significativas para a valoriza\u00e7\u00e3o dos docentes municipais. Dentre as medidas anunciadas destacam-se:<\/p>\n\n\n\n<p><strong><em>Reajuste do piso de 2023:<\/em><\/strong>&nbsp;Foi concedido um reajuste de 14,95% para os professores efetivos e contratados com forma\u00e7\u00e3o inicial em magist\u00e9rio, com efeito retroativo a janeiro de 2023.<\/p>\n\n\n\n<p><strong><em>Reajuste na carreira:<\/em><\/strong>&nbsp;Professores dos n\u00edveis II, III e IV, aprovados no concurso de 2018, receber\u00e3o um reajuste de 5%, tamb\u00e9m retroativo a janeiro de 2023.<\/p>\n\n\n\n<p><strong><em>Reajuste na carreira:<\/em><\/strong>&nbsp;Professores dos n\u00edveis I, II e III, aprovados nos concursos de 1998 e 2005, ter\u00e3o um reajuste de 11%, com retroatividade a janeiro de 2023.<\/p>\n\n\n\n<p>Progress\u00e3o Vertical: Foi autorizada a publica\u00e7\u00e3o do Edital de Progress\u00e3o Vertical para professores que atendam aos requisitos necess\u00e1rios para avan\u00e7ar em suas carreiras.<\/p>\n\n\n\n<p>Para o Prefeito Manoel Silvino Gomes Neto, essas medidas representam um compromisso da gest\u00e3o municipal em assegurar todos os direitos dos professores e fortalecer a valoriza\u00e7\u00e3o da carreira. Ele afirmou: \u201cNossa gest\u00e3o sempre ir\u00e1 priorizar o cumprimento de todos os direitos dos professores, concentrando todos os nossos esfor\u00e7os em sua valoriza\u00e7\u00e3o. Apesar das dificuldades que enfrentamos, concedemos esses reajustes porque acreditamos no valor fundamental dos professores, que contribuem significativamente para o desenvolvimento educativo de nossos estudantes e de nossa cidade.\u201d<\/p>\n\n\n\n<p>Essas iniciativas refletem o compromisso da administra\u00e7\u00e3o municipal em promover melhorias na educa\u00e7\u00e3o municipal e reconhecer o papel essencial dos professores no processo de forma\u00e7\u00e3o das futuras gera\u00e7\u00f5es<\/p>\n\n\n\n<figure class=\"wp-block-image size-large\"><img loading=\"lazy\" decoding=\"async\" width=\"1024\" height=\"768\" src=\"https:\/\/focotocantinense.com.br\/wp-content\/uploads\/2023\/09\/image-3-1024x768.png\" alt=\"\" class=\"wp-image-5989\" srcset=\"https:\/\/focotocantinense.com.br\/wp-content\/uploads\/2023\/09\/image-3-1024x768.png 1024w, https:\/\/focotocantinense.com.br\/wp-content\/uploads\/2023\/09\/image-3-300x225.png 300w, https:\/\/focotocantinense.com.br\/wp-content\/uploads\/2023\/09\/image-3-768x576.png 768w, https:\/\/focotocantinense.com.br\/wp-content\/uploads\/2023\/09\/image-3.png 1536w\" sizes=\"auto, (max-width: 1024px) 100vw, 1024px\" \/><\/figure>\n\n\n\n<p><\/p>\n\n\n\n<p><\/p>\n\n\n\n<figure class=\"wp-block-image size-full\"><img loading=\"lazy\" decoding=\"async\" width=\"640\" height=\"193\" src=\"https:\/\/focotocantinense.com.br\/wp-content\/uploads\/2023\/09\/VINI-1.jpg\" alt=\"\" class=\"wp-image-5963\" srcset=\"https:\/\/focotocantinense.com.br\/wp-content\/uploads\/2023\/09\/VINI-1.jpg 640w, https:\/\/focotocantinense.com.br\/wp-content\/uploads\/2023\/09\/VINI-1-300x90.jpg 300w\" sizes=\"auto, (max-width: 640px) 100vw, 640px\" \/><\/figure>\n","protected":false},"excerpt":{"rendered":"<p>O Prefeito Manoel Silvino Gomes Neto, da cidade de Tocant\u00ednia, acompanhado pelo Secret\u00e1rio de Educa\u00e7\u00e3o, Andr\u00e9 Goveia, juntamente com t\u00e9cnicos da Secretaria Municipal de Educa\u00e7\u00e3o (Semed), membros da comiss\u00e3o do Plano de Cargos, Carreira e Sal\u00e1rios, e assessores, participaram de uma importante reuni\u00e3o com representantes dos professores da rede municipal. O encontro teve como foco &hellip;<\/p>\n","protected":false},"author":5,"featured_media":5987,"comment_status":"open","ping_status":"open","sticky":false,"template":"","format":"standard","meta":{"footnotes":""},"categories":[78],"tags":[],"class_list":["post-5986","post","type-post","status-publish","format-standard","has-post-thumbnail","","category-tocantinia"],"_links":{"self":[{"href":"https:\/\/focotocantinense.com.br\/index.php?rest_route=\/wp\/v2\/posts\/5986","targetHints":{"allow":["GET"]}}],"collection":[{"href":"https:\/\/focotocantinense.com.br\/index.php?rest_route=\/wp\/v2\/posts"}],"about":[{"href":"https:\/\/focotocantinense.com.br\/index.php?rest_route=\/wp\/v2\/types\/post"}],"author":[{"embeddable":true,"href":"https:\/\/focotocantinense.com.br\/index.php?rest_route=\/wp\/v2\/users\/5"}],"replies":[{"embeddable":true,"href":"https:\/\/focotocantinense.com.br\/index.php?rest_route=%2Fwp%2Fv2%2Fcomments&post=5986"}],"version-history":[{"count":2,"href":"https:\/\/focotocantinense.com.br\/index.php?rest_route=\/wp\/v2\/posts\/5986\/revisions"}],"predecessor-version":[{"id":5991,"href":"https:\/\/focotocantinense.com.br\/index.php?rest_route=\/wp\/v2\/posts\/5986\/revisions\/5991"}],"wp:featuredmedia":[{"embeddable":true,"href":"https:\/\/focotocantinense.com.br\/index.php?rest_route=\/wp\/v2\/media\/5987"}],"wp:attachment":[{"href":"https:\/\/focotocantinense.com.br\/index.php?rest_route=%2Fwp%2Fv2%2Fmedia&parent=5986"}],"wp:term":[{"taxonomy":"category","embeddable":true,"href":"https:\/\/focotocantinense.com.br\/index.php?rest_route=%2Fwp%2Fv2%2Fcategories&post=5986"},{"taxonomy":"post_tag","embeddable":true,"href":"https:\/\/focotocantinense.com.br\/index.php?rest_route=%2Fwp%2Fv2%2Ftags&post=5986"}],"curies":[{"name":"wp","href":"https:\/\/api.w.org\/{rel}","templated":true}]}}