{"id":5983,"date":"2023-09-22T11:36:29","date_gmt":"2023-09-22T14:36:29","guid":{"rendered":"https:\/\/focotocantinense.com.br\/?p=5983"},"modified":"2023-09-22T11:36:30","modified_gmt":"2023-09-22T14:36:30","slug":"prefeitura-de-fatima-to-anuncia-pagamento-do-piso-salarial-da-enfermagem-enquanto-em-porto-nacional-nenhum-comunicado-foi-feito-em-relacao-ao-assunto","status":"publish","type":"post","link":"https:\/\/focotocantinense.com.br\/?p=5983","title":{"rendered":"Prefeitura de F\u00e1tima-TO anuncia pagamento do piso salarial da Enfermagem, enquanto em Porto Nacional nenhum comunicado foi feito em rela\u00e7\u00e3o ao assunto"},"content":{"rendered":"\n<p>Os profissionais da categoria clamam pela implementa\u00e7\u00e3o do pagamento na Rede Municipal de Sa\u00fade portuense<\/p>\n\n\n\n<p>Enquanto no munic\u00edpio de F\u00e1tima-TO, a gest\u00e3o municipal anuncia que ir\u00e1 pagar o piso salarial da Enfermagem, Porto Nacional fica \u00e0 deriva vivendo na expectativa de que essa implementa\u00e7\u00e3o t\u00e3o sonhada de fato aconte\u00e7a.<\/p>\n\n\n\n<p>Sabemos que os profissionais da Enfermagem portuenses est\u00e3o ansiosos pelo piso nacional, mas at\u00e9 o momento os profissionais da Rede Municipal de Sa\u00fade n\u00e3o receberam nenhum valor a mais devido a inoper\u00e2ncia da prefeitura que n\u00e3o fez nenhuma adequa\u00e7\u00e3o para viabilizar o pagamento.<\/p>\n\n\n\n<p>O que intriga \u00e9 que com a aprova\u00e7\u00e3o do Piso Salarial Nacional da Enfermagem, foi institu\u00eddo um valor m\u00ednimo que cada profissional da \u00e1rea deve receber, tanto do setor p\u00fablico quanto privado. E, para garantir esse pagamento aos servidores, o governo federal sancionou a Lei n\u00ba 14.581, de 11 de maio de 2023, que assegura o repasse de R$ 7,3 bilh\u00f5es para assist\u00eancia financeira complementar aos Estados, Distrito Federal e munic\u00edpios.<\/p>\n\n\n\n<p>\u00c9 justo e merecido que esses profissionais recebam seus proventos de acordo com os direitos conquistados, tendo em vista o papel de extrema import\u00e2ncia exercido por eles na sa\u00fade. A pergunta que fica \u00e9, at\u00e9 quando esse descaso vai continuar acontecendo? A classe precisa de respostas e solu\u00e7\u00f5es realmente eficazes.<\/p>\n","protected":false},"excerpt":{"rendered":"<p>Os profissionais da categoria clamam pela implementa\u00e7\u00e3o do pagamento na Rede Municipal de Sa\u00fade portuense Enquanto no munic\u00edpio de F\u00e1tima-TO, a gest\u00e3o municipal anuncia que ir\u00e1 pagar o piso salarial da Enfermagem, Porto Nacional fica \u00e0 deriva vivendo na expectativa de que essa implementa\u00e7\u00e3o t\u00e3o sonhada de fato aconte\u00e7a. Sabemos que os profissionais da Enfermagem &hellip;<\/p>\n","protected":false},"author":5,"featured_media":5984,"comment_status":"open","ping_status":"open","sticky":false,"template":"","format":"standard","meta":{"footnotes":""},"categories":[1],"tags":[],"class_list":["post-5983","post","type-post","status-publish","format-standard","has-post-thumbnail","","category-sem-categoria"],"_links":{"self":[{"href":"https:\/\/focotocantinense.com.br\/index.php?rest_route=\/wp\/v2\/posts\/5983","targetHints":{"allow":["GET"]}}],"collection":[{"href":"https:\/\/focotocantinense.com.br\/index.php?rest_route=\/wp\/v2\/posts"}],"about":[{"href":"https:\/\/focotocantinense.com.br\/index.php?rest_route=\/wp\/v2\/types\/post"}],"author":[{"embeddable":true,"href":"https:\/\/focotocantinense.com.br\/index.php?rest_route=\/wp\/v2\/users\/5"}],"replies":[{"embeddable":true,"href":"https:\/\/focotocantinense.com.br\/index.php?rest_route=%2Fwp%2Fv2%2Fcomments&post=5983"}],"version-history":[{"count":1,"href":"https:\/\/focotocantinense.com.br\/index.php?rest_route=\/wp\/v2\/posts\/5983\/revisions"}],"predecessor-version":[{"id":5985,"href":"https:\/\/focotocantinense.com.br\/index.php?rest_route=\/wp\/v2\/posts\/5983\/revisions\/5985"}],"wp:featuredmedia":[{"embeddable":true,"href":"https:\/\/focotocantinense.com.br\/index.php?rest_route=\/wp\/v2\/media\/5984"}],"wp:attachment":[{"href":"https:\/\/focotocantinense.com.br\/index.php?rest_route=%2Fwp%2Fv2%2Fmedia&parent=5983"}],"wp:term":[{"taxonomy":"category","embeddable":true,"href":"https:\/\/focotocantinense.com.br\/index.php?rest_route=%2Fwp%2Fv2%2Fcategories&post=5983"},{"taxonomy":"post_tag","embeddable":true,"href":"https:\/\/focotocantinense.com.br\/index.php?rest_route=%2Fwp%2Fv2%2Ftags&post=5983"}],"curies":[{"name":"wp","href":"https:\/\/api.w.org\/{rel}","templated":true}]}}