{"id":5978,"date":"2023-09-21T11:50:02","date_gmt":"2023-09-21T14:50:02","guid":{"rendered":"https:\/\/focotocantinense.com.br\/?p=5978"},"modified":"2023-09-21T11:50:03","modified_gmt":"2023-09-21T14:50:03","slug":"com-apoio-do-deputado-federal-antonio-andrade-estudantes-do-instituto-federal-do-tocantins-irao-participar-de-evento-de-robotica-em-salvador","status":"publish","type":"post","link":"https:\/\/focotocantinense.com.br\/?p=5978","title":{"rendered":"Com apoio do deputado federal Antonio Andrade, estudantes do Instituto Federal do Tocantins ir\u00e3o participar de evento de rob\u00f3tica em Salvador"},"content":{"rendered":"\n<p>A competi\u00e7\u00e3o ser\u00e1 realizada entre os dias 07 a 10 de outubro de 2023<\/p>\n\n\n\n<p>Com vistas a contribuir com o desenvolvimento do aprendizado de estudantes portuenses, o deputado federal, Antonio Andrade (Republicanos), ir\u00e1 custear 2 passagens a\u00e9reas de ida e volta para que alunos do Instituto Federal do Tocantins (IFTO), que integram o Grupo de Estudos e Pesquisas em Rob\u00f3tica do campus, participem de evento de rob\u00f3tica que acontecer\u00e1 em Salvador na Bahia.<\/p>\n\n\n\n<p>O Grupo de Estudos e Pesquisas em Rob\u00f3tica do campus Porto Nacional do IFTO (Spartron Rob\u00f3tica) desenvolve nesta unidade trabalhos de ensino, pesquisa e extens\u00e3o em rob\u00f3tica e intelig\u00eancia artificial. O grupo foi fundado em 2017, e desde ent\u00e3o, soma mais de 15 trabalhos publicados em anais de eventos, congressos, mostras, revistas cient\u00edficas e livros.<\/p>\n\n\n\n<p>Antonio Andrade, destacou que Porto Nacional possui grande voca\u00e7\u00e3o para a \u00e1rea tecnol\u00f3gica. \u201cCompreendo totalmente a import\u00e2ncia de se investir em ci\u00eancia, tecnologia e inova\u00e7\u00e3o para o desenvolvimento n\u00e3o apenas de Porto Nacional, mas de todo o Tocantins, pois precisamos criar solu\u00e7\u00f5es inteligentes para o futuro. Tendo em vista que s\u00e3o mecanismos importantes para estarmos \u00e0 frente das transforma\u00e7\u00f5es mundiais, sou muito favor\u00e1vel ao incentivo e fomento da inova\u00e7\u00e3o nas escolas, institutos e universidades\u201d, explicou.<\/p>\n\n\n\n<p>\u201cInvestir nos nossos jovens \u00e9 criar um ambiente prop\u00edcio para que a inclus\u00e3o social de fato aconte\u00e7a. Enquanto representante do povo, ressalto que os estudantes sempre contar\u00e3o com meu total apoio\u201d, enfatizou o parlamentar.<\/p>\n\n\n\n<p>Assessoria de Comunica\u00e7\u00e3o\/Deputado Federal Antonio Andrade<\/p>\n","protected":false},"excerpt":{"rendered":"<p>A competi\u00e7\u00e3o ser\u00e1 realizada entre os dias 07 a 10 de outubro de 2023 Com vistas a contribuir com o desenvolvimento do aprendizado de estudantes portuenses, o deputado federal, Antonio Andrade (Republicanos), ir\u00e1 custear 2 passagens a\u00e9reas de ida e volta para que alunos do Instituto Federal do Tocantins (IFTO), que integram o Grupo de &hellip;<\/p>\n","protected":false},"author":5,"featured_media":5980,"comment_status":"open","ping_status":"open","sticky":false,"template":"","format":"standard","meta":{"footnotes":""},"categories":[1],"tags":[],"class_list":["post-5978","post","type-post","status-publish","format-standard","has-post-thumbnail","","category-sem-categoria"],"_links":{"self":[{"href":"https:\/\/focotocantinense.com.br\/index.php?rest_route=\/wp\/v2\/posts\/5978","targetHints":{"allow":["GET"]}}],"collection":[{"href":"https:\/\/focotocantinense.com.br\/index.php?rest_route=\/wp\/v2\/posts"}],"about":[{"href":"https:\/\/focotocantinense.com.br\/index.php?rest_route=\/wp\/v2\/types\/post"}],"author":[{"embeddable":true,"href":"https:\/\/focotocantinense.com.br\/index.php?rest_route=\/wp\/v2\/users\/5"}],"replies":[{"embeddable":true,"href":"https:\/\/focotocantinense.com.br\/index.php?rest_route=%2Fwp%2Fv2%2Fcomments&post=5978"}],"version-history":[{"count":1,"href":"https:\/\/focotocantinense.com.br\/index.php?rest_route=\/wp\/v2\/posts\/5978\/revisions"}],"predecessor-version":[{"id":5981,"href":"https:\/\/focotocantinense.com.br\/index.php?rest_route=\/wp\/v2\/posts\/5978\/revisions\/5981"}],"wp:featuredmedia":[{"embeddable":true,"href":"https:\/\/focotocantinense.com.br\/index.php?rest_route=\/wp\/v2\/media\/5980"}],"wp:attachment":[{"href":"https:\/\/focotocantinense.com.br\/index.php?rest_route=%2Fwp%2Fv2%2Fmedia&parent=5978"}],"wp:term":[{"taxonomy":"category","embeddable":true,"href":"https:\/\/focotocantinense.com.br\/index.php?rest_route=%2Fwp%2Fv2%2Fcategories&post=5978"},{"taxonomy":"post_tag","embeddable":true,"href":"https:\/\/focotocantinense.com.br\/index.php?rest_route=%2Fwp%2Fv2%2Ftags&post=5978"}],"curies":[{"name":"wp","href":"https:\/\/api.w.org\/{rel}","templated":true}]}}