{"id":5970,"date":"2023-09-20T21:14:08","date_gmt":"2023-09-21T00:14:08","guid":{"rendered":"https:\/\/focotocantinense.com.br\/?p=5970"},"modified":"2023-09-20T21:17:59","modified_gmt":"2023-09-21T00:17:59","slug":"jornalista-zacarias-martins-recebe-mocao-de-aplausos-da-camara-de-gurupi","status":"publish","type":"post","link":"https:\/\/focotocantinense.com.br\/?p=5970","title":{"rendered":"Jornalista Zacarias Martins recebe Mo\u00e7\u00e3o de Aplausos da C\u00e2mara de Gurupi"},"content":{"rendered":"\n<p><em>O jornalista Zacarias Martins foi homenageado pela C\u00e2mara Municipal de Gurupi, na manh\u00e3 desta quarta-feira (20). Ele recebeu uma Mo\u00e7\u00e3o de Aplausos proposta pelo vereador C\u00e9sar da Farm\u00e1cia (UB) e dos coautores Ronaldo Lira (PSC) e Elvan Le\u00e3o (PTB). Os demais legisladores foram un\u00e2nimes no reconhecimento do papel social no jornalismo tocantinense.<\/em><\/p>\n\n\n\n<p><em>Zacarias&nbsp; Martins \u00e9 considerado o Decano dos Jornalistas Profissionais de Gurupi, sendo um profissional bastante atuante na sua \u00e1rea. Come\u00e7ou sua atividade profissional com o jornalismo impresso, tendo passagens pelos jornais \u00daltima Hora, e O Bandeirante, ambos do Distrito Federal.<\/em><\/p>\n\n\n\n<p>Ao chegar em Gurupi, em meados de 1983, deu continuidade \u00e0 sua trajet\u00f3ria profissional, atuando nos principais jornais impressos n\u00e3o s\u00f3 da cidade, como Folha da Cidade, A Not\u00edcia, Jornal COCKTAIL, Mesa de Bar News, dentre outros, mas tamb\u00e9m, em jornais de Goi\u00e2nia, Palmas e Aragua\u00edna.<\/p>\n\n\n\n<p>Mesmo atuante e muito respeitado em sua \u00e1rea profissional, Zacarias Martins, at\u00e9 ent\u00e3o, n\u00e3o possu\u00eda a forma\u00e7\u00e3o acad\u00eamica, por isso, ingressou no Curso de Jornalismo da UnirG e, finalmente, conquistou o seu Diploma de Jornalista Profissional.<\/p>\n\n\n\n<p>O jornalista declarou estar emocionado com a homenagem.&nbsp;<em>\u201cEstou muito feliz e honrado por receber essa&nbsp;<\/em><em>M<\/em><em>o\u00e7\u00e3o de&nbsp;<\/em><em>A<\/em><em>plausos do Poder Legislativo Municipal, e agradecido pel<\/em><em>a iniciativa do&nbsp;<\/em><em>&nbsp;vereador C\u00e9sar da Farm\u00e1cia autor da homenagem e demais coautores\u201d,<\/em>&nbsp;disse.<\/p>\n\n\n\n<p>Ao longo da sua carreira profissional, tamb\u00e9m se destacou em Assessoria de Comunica\u00e7\u00e3o, tendo trabalhado por v\u00e1rias vezes na Prefeitura de Gurupi e na assessoria desta Casa de Leis. Foi convidado pela Secretaria de Sa\u00fade do Tocantins para implantar a Assessoria de Comunica\u00e7\u00e3o no Hospital Regional de Gurupi (HRG), e trabalhou por seis anos.<\/p>\n\n\n\n<p><em>Atualmente, o jornalista representa o Estado do Tocantins na Academia Brasileira de Jornalismo, com sede no Rio de Janeiro, e integra a Diretoria da FEBTUR \u2013 Federa\u00e7\u00e3o Brasileira de Jornalistas de Turismo \u2013 Seccional do Tocantins.<\/em><\/p>\n\n\n\n<p><em>Na&nbsp;<\/em>M<em>o\u00e7\u00e3o, o vereador C\u00e9sar da Farm\u00e1cia destacou o respeito e a credibilidade atribu\u00edda a Zacarias Martins no meio jornal\u00edstico. \u201cUma pessoa que tem feito um trabalho extraordin\u00e1rio na nossa cidade. Um profissional respeitado que carrega uma grande bagagem e que merece essa homenagem\u201d, ressaltou.<\/em><\/p>\n\n\n\n<figure class=\"wp-block-image size-large\"><img loading=\"lazy\" decoding=\"async\" width=\"1024\" height=\"682\" src=\"https:\/\/focotocantinense.com.br\/wp-content\/uploads\/2023\/09\/1-Jornalista-Zacarias-Martins-recebe-Mocao-de-Aplausos-da-Camara-de-Gurupi-1024x682.jpg\" alt=\"\" class=\"wp-image-5972\" srcset=\"https:\/\/focotocantinense.com.br\/wp-content\/uploads\/2023\/09\/1-Jornalista-Zacarias-Martins-recebe-Mocao-de-Aplausos-da-Camara-de-Gurupi-1024x682.jpg 1024w, https:\/\/focotocantinense.com.br\/wp-content\/uploads\/2023\/09\/1-Jornalista-Zacarias-Martins-recebe-Mocao-de-Aplausos-da-Camara-de-Gurupi-300x200.jpg 300w, https:\/\/focotocantinense.com.br\/wp-content\/uploads\/2023\/09\/1-Jornalista-Zacarias-Martins-recebe-Mocao-de-Aplausos-da-Camara-de-Gurupi-768x512.jpg 768w, https:\/\/focotocantinense.com.br\/wp-content\/uploads\/2023\/09\/1-Jornalista-Zacarias-Martins-recebe-Mocao-de-Aplausos-da-Camara-de-Gurupi-1536x1023.jpg 1536w, https:\/\/focotocantinense.com.br\/wp-content\/uploads\/2023\/09\/1-Jornalista-Zacarias-Martins-recebe-Mocao-de-Aplausos-da-Camara-de-Gurupi-310x205.jpg 310w, https:\/\/focotocantinense.com.br\/wp-content\/uploads\/2023\/09\/1-Jornalista-Zacarias-Martins-recebe-Mocao-de-Aplausos-da-Camara-de-Gurupi.jpg 1600w\" sizes=\"auto, (max-width: 1024px) 100vw, 1024px\" \/><\/figure>\n\n\n\n<p>.<\/p>\n\n\n\n<figure class=\"wp-block-image size-full\"><img loading=\"lazy\" decoding=\"async\" width=\"813\" height=\"605\" src=\"https:\/\/focotocantinense.com.br\/wp-content\/uploads\/2023\/09\/aaaa.jpg\" alt=\"\" class=\"wp-image-5976\" srcset=\"https:\/\/focotocantinense.com.br\/wp-content\/uploads\/2023\/09\/aaaa.jpg 813w, https:\/\/focotocantinense.com.br\/wp-content\/uploads\/2023\/09\/aaaa-300x223.jpg 300w, https:\/\/focotocantinense.com.br\/wp-content\/uploads\/2023\/09\/aaaa-768x572.jpg 768w\" sizes=\"auto, (max-width: 813px) 100vw, 813px\" \/><\/figure>\n\n\n\n<p>.<\/p>\n\n\n\n<figure class=\"wp-block-image size-full\"><img loading=\"lazy\" decoding=\"async\" width=\"640\" height=\"193\" src=\"https:\/\/focotocantinense.com.br\/wp-content\/uploads\/2023\/09\/VINI-1.jpg\" alt=\"\" class=\"wp-image-5963\" srcset=\"https:\/\/focotocantinense.com.br\/wp-content\/uploads\/2023\/09\/VINI-1.jpg 640w, https:\/\/focotocantinense.com.br\/wp-content\/uploads\/2023\/09\/VINI-1-300x90.jpg 300w\" sizes=\"auto, (max-width: 640px) 100vw, 640px\" \/><\/figure>\n","protected":false},"excerpt":{"rendered":"<p>O jornalista Zacarias Martins foi homenageado pela C\u00e2mara Municipal de Gurupi, na manh\u00e3 desta quarta-feira (20). Ele recebeu uma Mo\u00e7\u00e3o de Aplausos proposta pelo vereador C\u00e9sar da Farm\u00e1cia (UB) e dos coautores Ronaldo Lira (PSC) e Elvan Le\u00e3o (PTB). Os demais legisladores foram un\u00e2nimes no reconhecimento do papel social no jornalismo tocantinense. Zacarias&nbsp; Martins \u00e9 &hellip;<\/p>\n","protected":false},"author":5,"featured_media":5972,"comment_status":"open","ping_status":"open","sticky":false,"template":"","format":"standard","meta":{"footnotes":""},"categories":[38],"tags":[],"class_list":["post-5970","post","type-post","status-publish","format-standard","has-post-thumbnail","","category-gurupi"],"_links":{"self":[{"href":"https:\/\/focotocantinense.com.br\/index.php?rest_route=\/wp\/v2\/posts\/5970","targetHints":{"allow":["GET"]}}],"collection":[{"href":"https:\/\/focotocantinense.com.br\/index.php?rest_route=\/wp\/v2\/posts"}],"about":[{"href":"https:\/\/focotocantinense.com.br\/index.php?rest_route=\/wp\/v2\/types\/post"}],"author":[{"embeddable":true,"href":"https:\/\/focotocantinense.com.br\/index.php?rest_route=\/wp\/v2\/users\/5"}],"replies":[{"embeddable":true,"href":"https:\/\/focotocantinense.com.br\/index.php?rest_route=%2Fwp%2Fv2%2Fcomments&post=5970"}],"version-history":[{"count":3,"href":"https:\/\/focotocantinense.com.br\/index.php?rest_route=\/wp\/v2\/posts\/5970\/revisions"}],"predecessor-version":[{"id":5977,"href":"https:\/\/focotocantinense.com.br\/index.php?rest_route=\/wp\/v2\/posts\/5970\/revisions\/5977"}],"wp:featuredmedia":[{"embeddable":true,"href":"https:\/\/focotocantinense.com.br\/index.php?rest_route=\/wp\/v2\/media\/5972"}],"wp:attachment":[{"href":"https:\/\/focotocantinense.com.br\/index.php?rest_route=%2Fwp%2Fv2%2Fmedia&parent=5970"}],"wp:term":[{"taxonomy":"category","embeddable":true,"href":"https:\/\/focotocantinense.com.br\/index.php?rest_route=%2Fwp%2Fv2%2Fcategories&post=5970"},{"taxonomy":"post_tag","embeddable":true,"href":"https:\/\/focotocantinense.com.br\/index.php?rest_route=%2Fwp%2Fv2%2Ftags&post=5970"}],"curies":[{"name":"wp","href":"https:\/\/api.w.org\/{rel}","templated":true}]}}