{"id":5966,"date":"2023-09-20T21:11:19","date_gmt":"2023-09-21T00:11:19","guid":{"rendered":"https:\/\/focotocantinense.com.br\/?p=5966"},"modified":"2023-09-20T21:11:51","modified_gmt":"2023-09-21T00:11:51","slug":"noite-cultural-promovida-pela-ufnt-e-academia-de-letras-de-araguaina-apresenta-performances-poeticas-em-araguaina","status":"publish","type":"post","link":"https:\/\/focotocantinense.com.br\/?p=5966","title":{"rendered":"Noite Cultural promovida pela UFNT e Academia de Letras de Aragua\u00edna apresenta performances po\u00e9ticas em Aragua\u00edna"},"content":{"rendered":"\n<p><strong>Por Lu\u00eds Poeta<\/strong><\/p>\n\n\n\n<p>No anfiteatro da Universidade Federal do Norte do Tocantins \u2013 UFNT em Aragua\u00edna, no Campus Cimba, os alunos, professores e poetas se encontraram para apresentar as performances po\u00e9ticas ao p\u00fablico presente no evento realizado pela UFNT e Acalanto \u2013 Academia de Letras de Aragua\u00edna.<\/p>\n\n\n\n<p>Apoiada pelo SICOOB Sistema de Cooperativas Financeiras do Brasil de Aragua\u00edna a a\u00e7\u00e3o contou com dezenas de participantes e uma plateia repleta de amantes da literatura e das artes em geral.<\/p>\n\n\n\n<p>O Presidente da Academia de Letras de Aragua\u00edna, Alexandre Brito, destacou \u201cricamente surpreendente \u00e9 o m\u00ednimo que se pode atribuir ao Concurso de Performance Po\u00e9tica realizado na noite de ontem (19 de setembro), no Anfiteatro da UFNT.\u201d<\/p>\n\n\n\n<p>\u201cMais de uma dezena de jovens estudantes perfilaram suas apresenta\u00e7\u00f5es com desenvoltura e talento, para um numeroso e participativo p\u00fablico, dificultando sobremaneira a atua\u00e7\u00e3o dos jurados da noite.\u201d pontuou o intelectual.<\/p>\n\n\n\n<figure class=\"wp-block-image size-full is-resized\"><img loading=\"lazy\" decoding=\"async\" src=\"https:\/\/focotocantinense.com.br\/wp-content\/uploads\/2023\/09\/BBBBBB.jpg\" alt=\"\" class=\"wp-image-5967\" style=\"width:405px;height:237px\" width=\"405\" height=\"237\" srcset=\"https:\/\/focotocantinense.com.br\/wp-content\/uploads\/2023\/09\/BBBBBB.jpg 762w, https:\/\/focotocantinense.com.br\/wp-content\/uploads\/2023\/09\/BBBBBB-300x175.jpg 300w\" sizes=\"auto, (max-width: 405px) 100vw, 405px\" \/><\/figure>\n\n\n\n<p>.<\/p>\n\n\n\n<p><\/p>\n\n\n\n<figure class=\"wp-block-gallery has-nested-images columns-default is-cropped wp-block-gallery-1 is-layout-flex wp-block-gallery-is-layout-flex\">\n<figure class=\"wp-block-image size-large\"><img loading=\"lazy\" decoding=\"async\" width=\"640\" height=\"193\" data-id=\"5963\" src=\"https:\/\/focotocantinense.com.br\/wp-content\/uploads\/2023\/09\/VINI-1.jpg\" alt=\"\" class=\"wp-image-5963\" srcset=\"https:\/\/focotocantinense.com.br\/wp-content\/uploads\/2023\/09\/VINI-1.jpg 640w, https:\/\/focotocantinense.com.br\/wp-content\/uploads\/2023\/09\/VINI-1-300x90.jpg 300w\" sizes=\"auto, (max-width: 640px) 100vw, 640px\" \/><\/figure>\n<\/figure>\n","protected":false},"excerpt":{"rendered":"<p>Por Lu\u00eds Poeta No anfiteatro da Universidade Federal do Norte do Tocantins \u2013 UFNT em Aragua\u00edna, no Campus Cimba, os alunos, professores e poetas se encontraram para apresentar as performances po\u00e9ticas ao p\u00fablico presente no evento realizado pela UFNT e Acalanto \u2013 Academia de Letras de Aragua\u00edna. Apoiada pelo SICOOB Sistema de Cooperativas Financeiras do &hellip;<\/p>\n","protected":false},"author":5,"featured_media":5967,"comment_status":"open","ping_status":"open","sticky":false,"template":"","format":"standard","meta":{"footnotes":""},"categories":[45],"tags":[],"class_list":["post-5966","post","type-post","status-publish","format-standard","has-post-thumbnail","","category-araguaina"],"_links":{"self":[{"href":"https:\/\/focotocantinense.com.br\/index.php?rest_route=\/wp\/v2\/posts\/5966","targetHints":{"allow":["GET"]}}],"collection":[{"href":"https:\/\/focotocantinense.com.br\/index.php?rest_route=\/wp\/v2\/posts"}],"about":[{"href":"https:\/\/focotocantinense.com.br\/index.php?rest_route=\/wp\/v2\/types\/post"}],"author":[{"embeddable":true,"href":"https:\/\/focotocantinense.com.br\/index.php?rest_route=\/wp\/v2\/users\/5"}],"replies":[{"embeddable":true,"href":"https:\/\/focotocantinense.com.br\/index.php?rest_route=%2Fwp%2Fv2%2Fcomments&post=5966"}],"version-history":[{"count":2,"href":"https:\/\/focotocantinense.com.br\/index.php?rest_route=\/wp\/v2\/posts\/5966\/revisions"}],"predecessor-version":[{"id":5969,"href":"https:\/\/focotocantinense.com.br\/index.php?rest_route=\/wp\/v2\/posts\/5966\/revisions\/5969"}],"wp:featuredmedia":[{"embeddable":true,"href":"https:\/\/focotocantinense.com.br\/index.php?rest_route=\/wp\/v2\/media\/5967"}],"wp:attachment":[{"href":"https:\/\/focotocantinense.com.br\/index.php?rest_route=%2Fwp%2Fv2%2Fmedia&parent=5966"}],"wp:term":[{"taxonomy":"category","embeddable":true,"href":"https:\/\/focotocantinense.com.br\/index.php?rest_route=%2Fwp%2Fv2%2Fcategories&post=5966"},{"taxonomy":"post_tag","embeddable":true,"href":"https:\/\/focotocantinense.com.br\/index.php?rest_route=%2Fwp%2Fv2%2Ftags&post=5966"}],"curies":[{"name":"wp","href":"https:\/\/api.w.org\/{rel}","templated":true}]}}