{"id":5947,"date":"2023-09-19T14:42:21","date_gmt":"2023-09-19T17:42:21","guid":{"rendered":"https:\/\/focotocantinense.com.br\/?p=5947"},"modified":"2023-09-19T14:43:54","modified_gmt":"2023-09-19T17:43:54","slug":"deputado-gutierres-solicita-reuniao-com-bancos-e-cooperativas-para-debater-taxas-de-financiamento-do-credito-rural-e-renegociacao-de-dividas","status":"publish","type":"post","link":"https:\/\/focotocantinense.com.br\/?p=5947","title":{"rendered":"Deputado Gutierres solicita reuni\u00e3o com bancos e cooperativas para debater taxas de financiamento do cr\u00e9dito rural e renegocia\u00e7\u00e3o de d\u00edvidas"},"content":{"rendered":"\n<p>Sempre representado o agroneg\u00f3cio tocantinense na Assembleia Legislativa, o deputado estadual Gutierres Torquato apresentou nesta ter\u00e7a-feira, 19, um requerimento, em regime de urg\u00eancia, solicitando reuni\u00e3o com todas as entidades banc\u00e1rias e cooperativas que disp\u00f5e de cr\u00e9dito aos produtores rurais para discutir as taxas de financiamentos e a renegocia\u00e7\u00e3o de d\u00edvidas.<\/p>\n\n\n\n<p>O deputado afirma que esta reuni\u00e3o \u00e9 essencial para decidir os rumos da economia do nosso estado, que \u00e9 movida pelo produtor rural. \u201cEsta \u00e9 uma pauta de todos os parlamentares da Frente do Agro, estamos sempre buscando o di\u00e1logo com o produtor rural, ouvindo as suas dificuldades e anseios. Precisamos nos unir pra movimentar cada vez mais a economia tocantinense e tornar o nosso estado gigante. Esse di\u00e1logo entre bancos, cooperativas e o produtor \u00e9 important\u00edssimo para a nossa economia\u201d, destacou Gutierres.<\/p>\n\n\n\n<p>Deputado do Agro<br>Na assembleia legislativa o deputado criou a Frente Parlamentar do Agroneg\u00f3cio para representar a classe rural e debater o agroneg\u00f3cio no estado. Tem tamb\u00e9m apresentado diversos requerimentos importantes para o meio rural, como a pauta do gado e a solicita\u00e7\u00e3o da redu\u00e7\u00e3o da al\u00edquota do gado. Al\u00e9m do contato com o Governo do Estado e os gestores das pastas estaduais, em maio deste ano, por exemplo, foi solicitada a Secretaria de Agricultura, Pecu\u00e1ria e Aquicultura o envio tanques de resfriamento para fomentar a bacia leiteira da regi\u00e3o sul.<\/p>\n\n\n\n<figure class=\"wp-block-image size-full\"><img loading=\"lazy\" decoding=\"async\" width=\"723\" height=\"456\" src=\"https:\/\/focotocantinense.com.br\/wp-content\/uploads\/2023\/09\/AAA-3.jpg\" alt=\"\" class=\"wp-image-5948\" srcset=\"https:\/\/focotocantinense.com.br\/wp-content\/uploads\/2023\/09\/AAA-3.jpg 723w, https:\/\/focotocantinense.com.br\/wp-content\/uploads\/2023\/09\/AAA-3-300x189.jpg 300w\" sizes=\"auto, (max-width: 723px) 100vw, 723px\" \/><\/figure>\n\n\n\n<p>.<\/p>\n\n\n\n<p><\/p>\n\n\n\n<figure class=\"wp-block-image size-full\"><img loading=\"lazy\" decoding=\"async\" width=\"640\" height=\"193\" src=\"https:\/\/focotocantinense.com.br\/wp-content\/uploads\/2023\/09\/VINI.jpg\" alt=\"\" class=\"wp-image-5923\" srcset=\"https:\/\/focotocantinense.com.br\/wp-content\/uploads\/2023\/09\/VINI.jpg 640w, https:\/\/focotocantinense.com.br\/wp-content\/uploads\/2023\/09\/VINI-300x90.jpg 300w\" sizes=\"auto, (max-width: 640px) 100vw, 640px\" \/><\/figure>\n","protected":false},"excerpt":{"rendered":"<p>Sempre representado o agroneg\u00f3cio tocantinense na Assembleia Legislativa, o deputado estadual Gutierres Torquato apresentou nesta ter\u00e7a-feira, 19, um requerimento, em regime de urg\u00eancia, solicitando reuni\u00e3o com todas as entidades banc\u00e1rias e cooperativas que disp\u00f5e de cr\u00e9dito aos produtores rurais para discutir as taxas de financiamentos e a renegocia\u00e7\u00e3o de d\u00edvidas. O deputado afirma que esta &hellip;<\/p>\n","protected":false},"author":5,"featured_media":5948,"comment_status":"open","ping_status":"open","sticky":false,"template":"","format":"standard","meta":{"footnotes":""},"categories":[114],"tags":[],"class_list":["post-5947","post","type-post","status-publish","format-standard","has-post-thumbnail","","category-agronegocio"],"_links":{"self":[{"href":"https:\/\/focotocantinense.com.br\/index.php?rest_route=\/wp\/v2\/posts\/5947","targetHints":{"allow":["GET"]}}],"collection":[{"href":"https:\/\/focotocantinense.com.br\/index.php?rest_route=\/wp\/v2\/posts"}],"about":[{"href":"https:\/\/focotocantinense.com.br\/index.php?rest_route=\/wp\/v2\/types\/post"}],"author":[{"embeddable":true,"href":"https:\/\/focotocantinense.com.br\/index.php?rest_route=\/wp\/v2\/users\/5"}],"replies":[{"embeddable":true,"href":"https:\/\/focotocantinense.com.br\/index.php?rest_route=%2Fwp%2Fv2%2Fcomments&post=5947"}],"version-history":[{"count":1,"href":"https:\/\/focotocantinense.com.br\/index.php?rest_route=\/wp\/v2\/posts\/5947\/revisions"}],"predecessor-version":[{"id":5949,"href":"https:\/\/focotocantinense.com.br\/index.php?rest_route=\/wp\/v2\/posts\/5947\/revisions\/5949"}],"wp:featuredmedia":[{"embeddable":true,"href":"https:\/\/focotocantinense.com.br\/index.php?rest_route=\/wp\/v2\/media\/5948"}],"wp:attachment":[{"href":"https:\/\/focotocantinense.com.br\/index.php?rest_route=%2Fwp%2Fv2%2Fmedia&parent=5947"}],"wp:term":[{"taxonomy":"category","embeddable":true,"href":"https:\/\/focotocantinense.com.br\/index.php?rest_route=%2Fwp%2Fv2%2Fcategories&post=5947"},{"taxonomy":"post_tag","embeddable":true,"href":"https:\/\/focotocantinense.com.br\/index.php?rest_route=%2Fwp%2Fv2%2Ftags&post=5947"}],"curies":[{"name":"wp","href":"https:\/\/api.w.org\/{rel}","templated":true}]}}