{"id":5938,"date":"2023-09-17T12:03:30","date_gmt":"2023-09-17T15:03:30","guid":{"rendered":"https:\/\/focotocantinense.com.br\/?p=5938"},"modified":"2023-09-17T12:04:07","modified_gmt":"2023-09-17T15:04:07","slug":"prefeito-manoel-silvino-dialoga-com-a-comissao-do-pccr-o-reajuste-salarial-dos-professores-de-tocantinia","status":"publish","type":"post","link":"https:\/\/focotocantinense.com.br\/?p=5938","title":{"rendered":"Prefeito Manoel \u00a0Silvino dialoga com a comiss\u00e3o do PCCR o reajuste salarial dos professores de Tocant\u00ednia"},"content":{"rendered":"\n<p><strong>Por Zacarias Martins<\/strong><\/p>\n\n\n\n<p>Na manh\u00e3 desta s\u00e1bado, 16, &nbsp;atendendo o convite do prefeito de Tocant\u00ednia, Manoel Silvino, via &nbsp;Secretaria Municipal de Educa\u00e7\u00e3o (Semed), o presidente do Sindicato dos Trabalhadores em Educa\u00e7\u00e3o no Estado do Tocantins (Sintet),&nbsp; Jos\u00e9 Roque, participou de uma reuni\u00e3o no Pa\u00e7o Municipal, para tratar de v\u00e1rios assuntos relacionados de interesse dos professores que atuam na &nbsp;Rede Municipal de Educa\u00e7\u00e3o, como o piso do magist\u00e9rio 2023, pagamento&nbsp; da data-base e outras reivindica\u00e7\u00f5es da&nbsp; categoria.<\/p>\n\n\n\n<p>Tamb\u00e9m participaram dessa reuni\u00e3o, o secret\u00e1rio de Educa\u00e7\u00e3o de Tocant\u00ednia, Andr\u00e9 Goveia,&nbsp; integrantes da&nbsp; &nbsp;Comiss\u00e3o Permanente de Avalia\u00e7\u00e3o do Plano de Carreira, Cargos e Remunera\u00e7\u00f5es, assessoria e outros envolvidos nessa quest\u00e3o.<\/p>\n\n\n\n<p>Na oportunidade, a administra\u00e7\u00e3o municipal pontuou que no julgamento virtual, o Supremo Tribuna Federal (STF) manteve inalterada a decis\u00e3o daquela Corte que confirmou a validade do art. 5\u00ba, par\u00e1grafo \u00fanico, da Lei 11.738\/08, que prev\u00ea a forma de atualiza\u00e7\u00e3o do Piso Nacional do Magist\u00e9rio da Educa\u00e7\u00e3o B\u00e1sica a ser divulgada pelo MEC.<\/p>\n\n\n\n<figure class=\"wp-block-image size-large is-resized\"><img loading=\"lazy\" decoding=\"async\" src=\"https:\/\/focotocantinense.com.br\/wp-content\/uploads\/2023\/09\/xxxxxxxxxxxxxxxxxxxxxxxxxx-1024x768.jpg\" alt=\"\" class=\"wp-image-5939\" style=\"width:411px;height:308px\" width=\"411\" height=\"308\" srcset=\"https:\/\/focotocantinense.com.br\/wp-content\/uploads\/2023\/09\/xxxxxxxxxxxxxxxxxxxxxxxxxx-1024x768.jpg 1024w, https:\/\/focotocantinense.com.br\/wp-content\/uploads\/2023\/09\/xxxxxxxxxxxxxxxxxxxxxxxxxx-300x225.jpg 300w, https:\/\/focotocantinense.com.br\/wp-content\/uploads\/2023\/09\/xxxxxxxxxxxxxxxxxxxxxxxxxx-768x576.jpg 768w, https:\/\/focotocantinense.com.br\/wp-content\/uploads\/2023\/09\/xxxxxxxxxxxxxxxxxxxxxxxxxx-1536x1152.jpg 1536w, https:\/\/focotocantinense.com.br\/wp-content\/uploads\/2023\/09\/xxxxxxxxxxxxxxxxxxxxxxxxxx.jpg 1600w\" sizes=\"auto, (max-width: 411px) 100vw, 411px\" \/><\/figure>\n\n\n\n<p>Foi lembrado que em decis\u00e3o un\u00e2nime, os ministros do STF rejeitaram embargos de declara\u00e7\u00e3o por n\u00e3o vislumbrarem a exist\u00eancia de erro, obscuridade, contradi\u00e7\u00e3o ou omiss\u00e3o no ac\u00f3rd\u00e3o questionado. Quanto a esse ponto, &nbsp;foi aceito pela gest\u00e3o municipal.<\/p>\n\n\n\n<p>O prefeito Manoel Silvino&nbsp; enfatizou que&nbsp; &nbsp;todos os anos \u00e9 respeitado o percentual de reajuste do piso salarial da categoria, &nbsp;explicando &nbsp;que ainda n\u00e3o tinha sido pago, em fun\u00e7\u00e3o do referido embargo. &nbsp;J\u00e1 em rela\u00e7\u00e3o \u00e0 data base, &nbsp;ficou acertado com a comiss\u00e3o e aceito um reajuste de 6% aos demais professores que est\u00e3o acima do piso do magist\u00e9rio.<\/p>\n\n\n\n<p>Nos demais pontos em debatidos, &nbsp;de cunho mais especifico, &nbsp;ficou decidido que seriam resolvidos em uma nova reuni\u00e3o com a comiss\u00e3o para o pr\u00f3ximo dia 21 de setembro.<\/p>\n\n\n\n<p>O prefeito Manoel Silvino tamb\u00e9m enfatizou que o dialogo sempre fez parte de sua gest\u00e3o e que valorizar a categoria \u00e9 um compromisso e marca de sua gest\u00e3o. \u201cSou servidor p\u00fablico e valoriza\u00e7\u00e3o \u00e9 estimulo para um bom trabalho. Aposentei-me &nbsp;no Minist\u00e9rio P\u00fablico e sei da import\u00e2ncia do servidor bem remunerado. N\u00e3o estou aqui pra lesar o direito de nenhum servidor, pelo contr\u00e1rio, &nbsp;pagamos aos servidores da Educa\u00e7\u00e3o&nbsp; do munic\u00edpio em anos anteriores at\u00e9 o 15\u00b0 sal\u00e1rio e bonifica\u00e7\u00f5es\u201d, concluiu o prefeito Silvino.<\/p>\n\n\n\n<figure class=\"wp-block-image\"><img decoding=\"async\" src=\"http:\/\/n1to.com.br\/img\/uploads\/VINI_150.jpg\" alt=\"\"\/><\/figure>\n","protected":false},"excerpt":{"rendered":"<p>Por Zacarias Martins Na manh\u00e3 desta s\u00e1bado, 16, &nbsp;atendendo o convite do prefeito de Tocant\u00ednia, Manoel Silvino, via &nbsp;Secretaria Municipal de Educa\u00e7\u00e3o (Semed), o presidente do Sindicato dos Trabalhadores em Educa\u00e7\u00e3o no Estado do Tocantins (Sintet),&nbsp; Jos\u00e9 Roque, participou de uma reuni\u00e3o no Pa\u00e7o Municipal, para tratar de v\u00e1rios assuntos relacionados de interesse dos professores &hellip;<\/p>\n","protected":false},"author":5,"featured_media":5939,"comment_status":"open","ping_status":"open","sticky":false,"template":"","format":"standard","meta":{"footnotes":""},"categories":[78],"tags":[],"class_list":["post-5938","post","type-post","status-publish","format-standard","has-post-thumbnail","","category-tocantinia"],"_links":{"self":[{"href":"https:\/\/focotocantinense.com.br\/index.php?rest_route=\/wp\/v2\/posts\/5938","targetHints":{"allow":["GET"]}}],"collection":[{"href":"https:\/\/focotocantinense.com.br\/index.php?rest_route=\/wp\/v2\/posts"}],"about":[{"href":"https:\/\/focotocantinense.com.br\/index.php?rest_route=\/wp\/v2\/types\/post"}],"author":[{"embeddable":true,"href":"https:\/\/focotocantinense.com.br\/index.php?rest_route=\/wp\/v2\/users\/5"}],"replies":[{"embeddable":true,"href":"https:\/\/focotocantinense.com.br\/index.php?rest_route=%2Fwp%2Fv2%2Fcomments&post=5938"}],"version-history":[{"count":2,"href":"https:\/\/focotocantinense.com.br\/index.php?rest_route=\/wp\/v2\/posts\/5938\/revisions"}],"predecessor-version":[{"id":5941,"href":"https:\/\/focotocantinense.com.br\/index.php?rest_route=\/wp\/v2\/posts\/5938\/revisions\/5941"}],"wp:featuredmedia":[{"embeddable":true,"href":"https:\/\/focotocantinense.com.br\/index.php?rest_route=\/wp\/v2\/media\/5939"}],"wp:attachment":[{"href":"https:\/\/focotocantinense.com.br\/index.php?rest_route=%2Fwp%2Fv2%2Fmedia&parent=5938"}],"wp:term":[{"taxonomy":"category","embeddable":true,"href":"https:\/\/focotocantinense.com.br\/index.php?rest_route=%2Fwp%2Fv2%2Fcategories&post=5938"},{"taxonomy":"post_tag","embeddable":true,"href":"https:\/\/focotocantinense.com.br\/index.php?rest_route=%2Fwp%2Fv2%2Ftags&post=5938"}],"curies":[{"name":"wp","href":"https:\/\/api.w.org\/{rel}","templated":true}]}}