{"id":5921,"date":"2023-09-16T20:25:45","date_gmt":"2023-09-16T23:25:45","guid":{"rendered":"https:\/\/focotocantinense.com.br\/?p=5921"},"modified":"2023-09-16T20:28:37","modified_gmt":"2023-09-16T23:28:37","slug":"roda-de-conversa-com-o-escritor-zacarias-martins-movimenta-escola-estadual-em-guarai","status":"publish","type":"post","link":"https:\/\/focotocantinense.com.br\/?p=5921","title":{"rendered":"Roda de conversa com o escritor Zacarias Martins movimenta escola estadual em Guara\u00ed"},"content":{"rendered":"\n<p>A Escola Estadual Irineu Albano Hendges, localizada em Guara\u00ed, realizou na sexta-feira, 15, a&nbsp; primeira edi\u00e7\u00e3o&nbsp;do projeto Arte Tocantins, com vasta programa\u00e7\u00e3o que come\u00e7ou pela manh\u00e3 e se estendeu at\u00e9 \u00e0 noite.<\/p>\n\n\n\n<p>Uma das principais atra\u00e7\u00f5es desse evento foi a roda de conversa com o escritor, jornalista e ativista cultural &nbsp;Zacarias Martins, de Gurupi, &nbsp;autor de seis livro de poesias, um de cr\u00f4nicas e um&nbsp; de literatura infantil, titular&nbsp; da Academia Tocantinense de Letras (ATL) e integrante do Conselho de Pol\u00edtica Cultural do Tocantins.<\/p>\n\n\n\n<p>De uma forma l\u00fadica, Zacarias Martins falou um pouco da sua trajet\u00f3ria liter\u00e1ria e promoveu um recital&nbsp; de suas poesias. Tamb\u00e9m destacou a import\u00e2ncia do h\u00e1bito da leitura para ampliar os horizontes do conhecimento dos alunos.<\/p>\n\n\n\n<p>A professora Maria Dorilene Ara\u00fajo Galv\u00e3o Milhomem, que leciona a disciplina L\u00edngua Portuguesa na unidade escolar, falou sobre&nbsp; a import\u00e2ncia&nbsp; da roda de conversa&nbsp; do escritor&nbsp; com os alunos, destacando que Zacarias Martins \u00e9 um dos principais&nbsp; autores contempor\u00e2neos do Tocantins, tem uma bagagem cultural expressiva e por isso mesmo sua presen\u00e7a na escola em muito&nbsp; contribui para o aprimoramento intelectual dos alunos.<\/p>\n\n\n\n<p><strong>Construindo caminhos<\/strong><\/p>\n\n\n\n<p>Para a professora Dorilene, a &nbsp;arte tem o prop\u00f3sito de despertar a reflex\u00e3o sobre nossas origens, explorar novos elementos inovadores e moldar os rumos que aspiram para o futuro. \u201cNeste sentido, a escola constr\u00f3i caminhos onde a arte erudita e popular dialogam, sendo vivenciada em sua import\u00e2ncia e n\u00e3o apenas como um raro momento de lazer em que poucos possam usufruir\u201d, explicou a professora.<\/p>\n\n\n\n<p><strong>Mais programa\u00e7\u00e3o<\/strong><\/p>\n\n\n\n<p>Al\u00e9m de Zacarias Martins, o evento contou&nbsp; com exposi\u00e7\u00e3o de poesias produzidas pelos alunos e que foram expostas num mural, juntamente com&nbsp; outros trabalhos art\u00edsticos.<\/p>\n\n\n\n<p>Os escritores F\u00falvia Maria, Luana Laliko e Orion Milhomem, tamb\u00e9m conversaram com os alunos. E os artistas pl\u00e1sticos Marcos Dutra e Nicoli Leal&nbsp; expuseram os seus trabalhos. \u00c0 noite, o p\u00fablico foi brindado&nbsp; com apresenta\u00e7\u00e3o&nbsp; musical empolgante de &nbsp;Chico Chocolate e Paulo Albuquerque.&nbsp;<\/p>\n\n\n\n<figure class=\"wp-block-image size-full\"><img loading=\"lazy\" decoding=\"async\" width=\"1024\" height=\"768\" src=\"https:\/\/focotocantinense.com.br\/wp-content\/uploads\/2023\/09\/1-GUARAI-PRINCIPAL.jpg\" alt=\"\" class=\"wp-image-5922\" srcset=\"https:\/\/focotocantinense.com.br\/wp-content\/uploads\/2023\/09\/1-GUARAI-PRINCIPAL.jpg 1024w, https:\/\/focotocantinense.com.br\/wp-content\/uploads\/2023\/09\/1-GUARAI-PRINCIPAL-300x225.jpg 300w, https:\/\/focotocantinense.com.br\/wp-content\/uploads\/2023\/09\/1-GUARAI-PRINCIPAL-768x576.jpg 768w\" sizes=\"auto, (max-width: 1024px) 100vw, 1024px\" \/><\/figure>\n\n\n\n<p>.<\/p>\n\n\n\n<p><\/p>\n\n\n\n<figure class=\"wp-block-image size-full\"><img loading=\"lazy\" decoding=\"async\" width=\"659\" height=\"422\" src=\"https:\/\/focotocantinense.com.br\/wp-content\/uploads\/2023\/09\/FFF-1.jpg\" alt=\"\" class=\"wp-image-5931\" srcset=\"https:\/\/focotocantinense.com.br\/wp-content\/uploads\/2023\/09\/FFF-1.jpg 659w, https:\/\/focotocantinense.com.br\/wp-content\/uploads\/2023\/09\/FFF-1-300x192.jpg 300w\" sizes=\"auto, (max-width: 659px) 100vw, 659px\" \/><\/figure>\n\n\n\n<figure class=\"wp-block-image size-full\"><img loading=\"lazy\" decoding=\"async\" width=\"659\" height=\"492\" src=\"https:\/\/focotocantinense.com.br\/wp-content\/uploads\/2023\/09\/EEE.jpg\" alt=\"\" class=\"wp-image-5930\" srcset=\"https:\/\/focotocantinense.com.br\/wp-content\/uploads\/2023\/09\/EEE.jpg 659w, https:\/\/focotocantinense.com.br\/wp-content\/uploads\/2023\/09\/EEE-300x224.jpg 300w\" sizes=\"auto, (max-width: 659px) 100vw, 659px\" \/><\/figure>\n\n\n\n<figure class=\"wp-block-image size-full\"><img loading=\"lazy\" decoding=\"async\" width=\"811\" height=\"511\" src=\"https:\/\/focotocantinense.com.br\/wp-content\/uploads\/2023\/09\/DDD-1.jpg\" alt=\"\" class=\"wp-image-5929\" srcset=\"https:\/\/focotocantinense.com.br\/wp-content\/uploads\/2023\/09\/DDD-1.jpg 811w, https:\/\/focotocantinense.com.br\/wp-content\/uploads\/2023\/09\/DDD-1-300x189.jpg 300w, https:\/\/focotocantinense.com.br\/wp-content\/uploads\/2023\/09\/DDD-1-768x484.jpg 768w\" sizes=\"auto, (max-width: 811px) 100vw, 811px\" \/><\/figure>\n\n\n\n<figure class=\"wp-block-image size-full\"><img loading=\"lazy\" decoding=\"async\" width=\"813\" height=\"542\" src=\"https:\/\/focotocantinense.com.br\/wp-content\/uploads\/2023\/09\/CCC-1.jpg\" alt=\"\" class=\"wp-image-5928\" srcset=\"https:\/\/focotocantinense.com.br\/wp-content\/uploads\/2023\/09\/CCC-1.jpg 813w, https:\/\/focotocantinense.com.br\/wp-content\/uploads\/2023\/09\/CCC-1-300x200.jpg 300w, https:\/\/focotocantinense.com.br\/wp-content\/uploads\/2023\/09\/CCC-1-768x512.jpg 768w\" sizes=\"auto, (max-width: 813px) 100vw, 813px\" \/><\/figure>\n\n\n\n<figure class=\"wp-block-image size-full\"><img loading=\"lazy\" decoding=\"async\" width=\"811\" height=\"484\" src=\"https:\/\/focotocantinense.com.br\/wp-content\/uploads\/2023\/09\/BBB-2.jpg\" alt=\"\" class=\"wp-image-5925\" srcset=\"https:\/\/focotocantinense.com.br\/wp-content\/uploads\/2023\/09\/BBB-2.jpg 811w, https:\/\/focotocantinense.com.br\/wp-content\/uploads\/2023\/09\/BBB-2-300x179.jpg 300w, https:\/\/focotocantinense.com.br\/wp-content\/uploads\/2023\/09\/BBB-2-768x458.jpg 768w\" sizes=\"auto, (max-width: 811px) 100vw, 811px\" \/><\/figure>\n\n\n\n<figure class=\"wp-block-image size-full\"><img loading=\"lazy\" decoding=\"async\" width=\"640\" height=\"193\" src=\"https:\/\/focotocantinense.com.br\/wp-content\/uploads\/2023\/09\/VINI.jpg\" alt=\"\" class=\"wp-image-5923\" srcset=\"https:\/\/focotocantinense.com.br\/wp-content\/uploads\/2023\/09\/VINI.jpg 640w, https:\/\/focotocantinense.com.br\/wp-content\/uploads\/2023\/09\/VINI-300x90.jpg 300w\" sizes=\"auto, (max-width: 640px) 100vw, 640px\" \/><\/figure>\n","protected":false},"excerpt":{"rendered":"<p>A Escola Estadual Irineu Albano Hendges, localizada em Guara\u00ed, realizou na sexta-feira, 15, a&nbsp; primeira edi\u00e7\u00e3o&nbsp;do projeto Arte Tocantins, com vasta programa\u00e7\u00e3o que come\u00e7ou pela manh\u00e3 e se estendeu at\u00e9 \u00e0 noite. Uma das principais atra\u00e7\u00f5es desse evento foi a roda de conversa com o escritor, jornalista e ativista cultural &nbsp;Zacarias Martins, de Gurupi, &nbsp;autor &hellip;<\/p>\n","protected":false},"author":5,"featured_media":5922,"comment_status":"open","ping_status":"open","sticky":false,"template":"","format":"standard","meta":{"footnotes":""},"categories":[79],"tags":[],"class_list":["post-5921","post","type-post","status-publish","format-standard","has-post-thumbnail","","category-guarai"],"_links":{"self":[{"href":"https:\/\/focotocantinense.com.br\/index.php?rest_route=\/wp\/v2\/posts\/5921","targetHints":{"allow":["GET"]}}],"collection":[{"href":"https:\/\/focotocantinense.com.br\/index.php?rest_route=\/wp\/v2\/posts"}],"about":[{"href":"https:\/\/focotocantinense.com.br\/index.php?rest_route=\/wp\/v2\/types\/post"}],"author":[{"embeddable":true,"href":"https:\/\/focotocantinense.com.br\/index.php?rest_route=\/wp\/v2\/users\/5"}],"replies":[{"embeddable":true,"href":"https:\/\/focotocantinense.com.br\/index.php?rest_route=%2Fwp%2Fv2%2Fcomments&post=5921"}],"version-history":[{"count":4,"href":"https:\/\/focotocantinense.com.br\/index.php?rest_route=\/wp\/v2\/posts\/5921\/revisions"}],"predecessor-version":[{"id":5933,"href":"https:\/\/focotocantinense.com.br\/index.php?rest_route=\/wp\/v2\/posts\/5921\/revisions\/5933"}],"wp:featuredmedia":[{"embeddable":true,"href":"https:\/\/focotocantinense.com.br\/index.php?rest_route=\/wp\/v2\/media\/5922"}],"wp:attachment":[{"href":"https:\/\/focotocantinense.com.br\/index.php?rest_route=%2Fwp%2Fv2%2Fmedia&parent=5921"}],"wp:term":[{"taxonomy":"category","embeddable":true,"href":"https:\/\/focotocantinense.com.br\/index.php?rest_route=%2Fwp%2Fv2%2Fcategories&post=5921"},{"taxonomy":"post_tag","embeddable":true,"href":"https:\/\/focotocantinense.com.br\/index.php?rest_route=%2Fwp%2Fv2%2Ftags&post=5921"}],"curies":[{"name":"wp","href":"https:\/\/api.w.org\/{rel}","templated":true}]}}