{"id":5916,"date":"2023-09-14T16:43:43","date_gmt":"2023-09-14T19:43:43","guid":{"rendered":"https:\/\/focotocantinense.com.br\/?p=5916"},"modified":"2023-09-14T16:43:44","modified_gmt":"2023-09-14T19:43:44","slug":"deputado-federal-antonio-andrade-prestigia-posse-de-novos-ministros","status":"publish","type":"post","link":"https:\/\/focotocantinense.com.br\/?p=5916","title":{"rendered":"Deputado Federal Antonio Andrade prestigia posse de novos ministros"},"content":{"rendered":"\n<p>Pol\u00edtico ressalta import\u00e2ncia da renova\u00e7\u00e3o no governo e destaca projetos para o Tocantins<\/p>\n\n\n\n<p>O deputado federal tocantinense Antonio Andrade (Republicanos) marcou presen\u00e7a na cerim\u00f4nia de posse dos novos ministros do Governo Federal, realizada nesta quarta-feira (13) em Bras\u00edlia. Silvio Costa Filho (Republicanos) \u00e9 o novo titular da pasta de Portos e Aeroportos e Andr\u00e9 Fufuca (Progressistas) fica com o Esporte.<\/p>\n\n\n\n<p>A presen\u00e7a do parlamentar tocantinense na solenidade ressalta seu comprometimento com a pol\u00edtica nacional e a aten\u00e7\u00e3o dedicada aos interesses do Tocantins.<\/p>\n\n\n\n<p>O deputado, que j\u00e1 foi jogador de futebol e \u00e9 conhecido por seu envolvimento em quest\u00f5es relacionadas ao esporte, destacou a relev\u00e2ncia dessas mudan\u00e7as para o pa\u00eds.<\/p>\n\n\n\n<p>&#8220;\u00c9 sempre importante ver uma renova\u00e7\u00e3o no governo, especialmente em pastas que t\u00eam impacto direto em nossas cidades. Estou otimista quanto \u00e0s perspectivas trazidas pelos ministros Silvio Costa e Andr\u00e9 Fufuca e espero que possamos trabalhar juntos para promover pol\u00edticas p\u00fablicas que beneficiem a popula\u00e7\u00e3o do Tocantins e do Brasil&#8221;, afirmou Andrade.<\/p>\n\n\n\n<p>Portos e Aeroportos<\/p>\n\n\n\n<p>Silvio Costa Filho (Republicanos-PE) afirmou que trabalhar\u00e1 com o presidente Lula e setor produtivo para abaixar o pre\u00e7o das passagens a\u00e9reas praticados pelas companhias no Brasil.<\/p>\n\n\n\n<p>\u201cPrecisamos discutir o pre\u00e7o do querosene da avia\u00e7\u00e3o nacional, porque, no pre\u00e7o da passagem, 40% \u00e9 o custo do querosene. E o Brasil, hoje, \u00e9 um dos pa\u00edses que paga um dos maiores custos de opera\u00e7\u00e3o do mundo\u201d, destacou o ministro.<\/p>\n\n\n\n<p>Ele adicionou que o barateamento nas passagens tamb\u00e9m significa \u201ccrescimento, desenvolvimento e d\u00e1 uma sinaliza\u00e7\u00e3o para o pr\u00f3prio brasileiro conhecer o Brasil\u201d, sendo fundamental para o fortalecimento da avia\u00e7\u00e3o.<\/p>\n\n\n\n<p>Esporte<\/p>\n\n\n\n<p>O novo ministro Andr\u00e9 assume a pasta do esporte no lugar da ex-atleta Ana Moser. Fufuca falou durante a posse e afirmou que pretende fazer uma revolu\u00e7\u00e3o na \u00e1rea.<\/p>\n\n\n\n<p>\u201cO principal objetivo da miss\u00e3o dada pelo presidente Lula \u00e9 poder ter uma revolu\u00e7\u00e3o no esporte nacional. Quando falo em revolu\u00e7\u00e3o, eu falo no come\u00e7o, que \u00e9 a democratiza\u00e7\u00e3o do esporte\u201d.<\/p>\n\n\n\n<p>Ele tamb\u00e9m disse da disparidade entre atletas e esportes, al\u00e9m de afirmar que o esporte brasileiro tem &#8220;qualidade quase zero&#8221;.<\/p>\n\n\n\n<p>\u201cN\u00e3o podemos falar numa revolu\u00e7\u00e3o esportiva a partir do momento em que temos disparidade entre o tratamento do esportista masculino e da esportista feminina. N\u00e3o podemos falar de uma revolu\u00e7\u00e3o esportiva no momento em que temos um esporte de qualidade quase zero no pa\u00eds\u201d, destacou.<\/p>\n\n\n\n<p>Assessoria de Comunica\u00e7\u00e3o \u2013 Deputado Federal Antonio Andrade<\/p>\n","protected":false},"excerpt":{"rendered":"<p>Pol\u00edtico ressalta import\u00e2ncia da renova\u00e7\u00e3o no governo e destaca projetos para o Tocantins O deputado federal tocantinense Antonio Andrade (Republicanos) marcou presen\u00e7a na cerim\u00f4nia de posse dos novos ministros do Governo Federal, realizada nesta quarta-feira (13) em Bras\u00edlia. Silvio Costa Filho (Republicanos) \u00e9 o novo titular da pasta de Portos e Aeroportos e Andr\u00e9 Fufuca &hellip;<\/p>\n","protected":false},"author":5,"featured_media":5919,"comment_status":"open","ping_status":"open","sticky":false,"template":"","format":"standard","meta":{"footnotes":""},"categories":[1],"tags":[],"class_list":["post-5916","post","type-post","status-publish","format-standard","has-post-thumbnail","","category-sem-categoria"],"_links":{"self":[{"href":"https:\/\/focotocantinense.com.br\/index.php?rest_route=\/wp\/v2\/posts\/5916","targetHints":{"allow":["GET"]}}],"collection":[{"href":"https:\/\/focotocantinense.com.br\/index.php?rest_route=\/wp\/v2\/posts"}],"about":[{"href":"https:\/\/focotocantinense.com.br\/index.php?rest_route=\/wp\/v2\/types\/post"}],"author":[{"embeddable":true,"href":"https:\/\/focotocantinense.com.br\/index.php?rest_route=\/wp\/v2\/users\/5"}],"replies":[{"embeddable":true,"href":"https:\/\/focotocantinense.com.br\/index.php?rest_route=%2Fwp%2Fv2%2Fcomments&post=5916"}],"version-history":[{"count":1,"href":"https:\/\/focotocantinense.com.br\/index.php?rest_route=\/wp\/v2\/posts\/5916\/revisions"}],"predecessor-version":[{"id":5920,"href":"https:\/\/focotocantinense.com.br\/index.php?rest_route=\/wp\/v2\/posts\/5916\/revisions\/5920"}],"wp:featuredmedia":[{"embeddable":true,"href":"https:\/\/focotocantinense.com.br\/index.php?rest_route=\/wp\/v2\/media\/5919"}],"wp:attachment":[{"href":"https:\/\/focotocantinense.com.br\/index.php?rest_route=%2Fwp%2Fv2%2Fmedia&parent=5916"}],"wp:term":[{"taxonomy":"category","embeddable":true,"href":"https:\/\/focotocantinense.com.br\/index.php?rest_route=%2Fwp%2Fv2%2Fcategories&post=5916"},{"taxonomy":"post_tag","embeddable":true,"href":"https:\/\/focotocantinense.com.br\/index.php?rest_route=%2Fwp%2Fv2%2Ftags&post=5916"}],"curies":[{"name":"wp","href":"https:\/\/api.w.org\/{rel}","templated":true}]}}