{"id":5910,"date":"2023-09-13T18:55:23","date_gmt":"2023-09-13T21:55:23","guid":{"rendered":"https:\/\/focotocantinense.com.br\/?p=5910"},"modified":"2023-09-13T18:56:57","modified_gmt":"2023-09-13T21:56:57","slug":"ii-conferencia-municipal-de-seguranca-alimentar-e-nutricional-e-realizada-tocantinia","status":"publish","type":"post","link":"https:\/\/focotocantinense.com.br\/?p=5910","title":{"rendered":"II Confer\u00eancia Municipal de Seguran\u00e7a Alimentar e Nutricional \u00e9 realizada Tocant\u00ednia"},"content":{"rendered":"\n<p>O Conselho Municipal de Seguran\u00e7a Alimentar e Nutricional (COMSEA), e a Prefeitura de Tocant\u00ednia por meio da Secretaria Municipal de Assist\u00eancia Social, &nbsp;realizaram nesta quarta-feira (13), no espa\u00e7o de atividades do CRAS, &nbsp;a II Confer\u00eancia Municipal de Seguran\u00e7a Alimentar e Nutricional.<\/p>\n\n\n\n<p>Com a tem\u00e1tica \u201cErradicar a fome e garantir direitos com comida de verdade, democracia e equidade\u201d a confer\u00eancia \u00e9 um espa\u00e7o de debates com a sociedade civil para nortear as pol\u00edticas p\u00fablicas sobre o assunto. A palestra de abertura, abordando a tem\u00e1tica central da confer\u00eancia foi proferida pelo representante do CONSEA\/TO, Daniel Barbosa.<\/p>\n\n\n\n<p>A presidente do COMSEA, C\u00e9lia Maria de Assis, apresentou os eixos de discuss\u00f5es da II Confer\u00eancia Municipal de Seguran\u00e7a Alimentar e Nutricional, s\u00e3o: Eixo 1 \u2013 Determinantes Estruturais e Macrodesafios para a soberania e Seguran\u00e7a Alimentar e Nutricional; Eixo 2 \u2013 Sistema Nacional de Seguran\u00e7a Alimentar e Nutricional, e pol\u00edticas p\u00fablicas garantidoras do direito humano \u00e0 alimenta\u00e7\u00e3o adequada; Eixo 3 \u2013 Democracia e participa\u00e7\u00e3o Social.<\/p>\n\n\n\n<p><strong>Exposi\u00e7\u00e3o<\/strong><\/p>\n\n\n\n<p>No evento, os pequenos produtores de Tocant\u00ednia fizeram uma pequena exposi\u00e7\u00e3o das suas produ\u00e7\u00f5es agr\u00edcolas, onde fortaleceu os debates e a constru\u00e7\u00e3o das propostas para encaminhar ao poder p\u00fablico.<\/p>\n\n\n\n<p>Ap\u00f3s os encaminhamentos das propostas formuladas, de acordo com a tem\u00e1tica, os participantes elegeram os delegados que ir\u00e3o participar da Confer\u00eancia Estadual, representando o munic\u00edpio.<\/p>\n\n\n\n<p>A secret\u00e1ria de Assist\u00eancia Social, Ana Paula Ribeiro, destacou o prop\u00f3sito da Confer\u00eancia como essencial para o desenvolvimento das pol\u00edticas p\u00fablicas do munic\u00edpio que visam a erradica\u00e7\u00e3o da fome.<\/p>\n\n\n\n<p>\u201c\u00c9 um espa\u00e7o importante para discuss\u00e3o e aprova\u00e7\u00e3o de prioridades para a elabora\u00e7\u00e3o dos planos de seguran\u00e7a alimentar e nutricional, al\u00e9m de possibilitar o debate dos principais avan\u00e7os e desafios nesta \u00e1rea\u201d, frisou a secret\u00e1ria.<\/p>\n\n\n\n<figure class=\"wp-block-image size-large\"><img loading=\"lazy\" decoding=\"async\" width=\"1024\" height=\"682\" src=\"https:\/\/focotocantinense.com.br\/wp-content\/uploads\/2023\/09\/aaa-2-1024x682.jpg\" alt=\"\" class=\"wp-image-5911\" srcset=\"https:\/\/focotocantinense.com.br\/wp-content\/uploads\/2023\/09\/aaa-2-1024x682.jpg 1024w, https:\/\/focotocantinense.com.br\/wp-content\/uploads\/2023\/09\/aaa-2-300x200.jpg 300w, https:\/\/focotocantinense.com.br\/wp-content\/uploads\/2023\/09\/aaa-2-768x512.jpg 768w, https:\/\/focotocantinense.com.br\/wp-content\/uploads\/2023\/09\/aaa-2-1536x1023.jpg 1536w, https:\/\/focotocantinense.com.br\/wp-content\/uploads\/2023\/09\/aaa-2-310x205.jpg 310w, https:\/\/focotocantinense.com.br\/wp-content\/uploads\/2023\/09\/aaa-2.jpg 1600w\" sizes=\"auto, (max-width: 1024px) 100vw, 1024px\" \/><\/figure>\n\n\n\n<p>.<\/p>\n\n\n\n<p><\/p>\n\n\n\n<figure class=\"wp-block-image size-large\"><img loading=\"lazy\" decoding=\"async\" width=\"1024\" height=\"682\" src=\"https:\/\/focotocantinense.com.br\/wp-content\/uploads\/2023\/09\/bbb-1-1024x682.jpg\" alt=\"\" class=\"wp-image-5913\" srcset=\"https:\/\/focotocantinense.com.br\/wp-content\/uploads\/2023\/09\/bbb-1-1024x682.jpg 1024w, https:\/\/focotocantinense.com.br\/wp-content\/uploads\/2023\/09\/bbb-1-300x200.jpg 300w, https:\/\/focotocantinense.com.br\/wp-content\/uploads\/2023\/09\/bbb-1-768x512.jpg 768w, https:\/\/focotocantinense.com.br\/wp-content\/uploads\/2023\/09\/bbb-1-1536x1023.jpg 1536w, https:\/\/focotocantinense.com.br\/wp-content\/uploads\/2023\/09\/bbb-1-310x205.jpg 310w, https:\/\/focotocantinense.com.br\/wp-content\/uploads\/2023\/09\/bbb-1.jpg 1600w\" sizes=\"auto, (max-width: 1024px) 100vw, 1024px\" \/><\/figure>\n\n\n\n<p>.<\/p>\n\n\n\n<p><\/p>\n\n\n\n<figure class=\"wp-block-image\"><img decoding=\"async\" src=\"http:\/\/n1to.com.br\/img\/uploads\/cccc_15.jpg\" alt=\"\"\/><\/figure>\n\n\n\n<p><\/p>\n\n\n\n<figure class=\"wp-block-image\"><img decoding=\"async\" src=\"http:\/\/n1to.com.br\/img\/uploads\/VINI_150.jpg\" alt=\"\"\/><\/figure>\n","protected":false},"excerpt":{"rendered":"<p>O Conselho Municipal de Seguran\u00e7a Alimentar e Nutricional (COMSEA), e a Prefeitura de Tocant\u00ednia por meio da Secretaria Municipal de Assist\u00eancia Social, &nbsp;realizaram nesta quarta-feira (13), no espa\u00e7o de atividades do CRAS, &nbsp;a II Confer\u00eancia Municipal de Seguran\u00e7a Alimentar e Nutricional. Com a tem\u00e1tica \u201cErradicar a fome e garantir direitos com comida de verdade, democracia &hellip;<\/p>\n","protected":false},"author":5,"featured_media":5911,"comment_status":"open","ping_status":"open","sticky":false,"template":"","format":"standard","meta":{"footnotes":""},"categories":[78],"tags":[],"class_list":["post-5910","post","type-post","status-publish","format-standard","has-post-thumbnail","","category-tocantinia"],"_links":{"self":[{"href":"https:\/\/focotocantinense.com.br\/index.php?rest_route=\/wp\/v2\/posts\/5910","targetHints":{"allow":["GET"]}}],"collection":[{"href":"https:\/\/focotocantinense.com.br\/index.php?rest_route=\/wp\/v2\/posts"}],"about":[{"href":"https:\/\/focotocantinense.com.br\/index.php?rest_route=\/wp\/v2\/types\/post"}],"author":[{"embeddable":true,"href":"https:\/\/focotocantinense.com.br\/index.php?rest_route=\/wp\/v2\/users\/5"}],"replies":[{"embeddable":true,"href":"https:\/\/focotocantinense.com.br\/index.php?rest_route=%2Fwp%2Fv2%2Fcomments&post=5910"}],"version-history":[{"count":2,"href":"https:\/\/focotocantinense.com.br\/index.php?rest_route=\/wp\/v2\/posts\/5910\/revisions"}],"predecessor-version":[{"id":5915,"href":"https:\/\/focotocantinense.com.br\/index.php?rest_route=\/wp\/v2\/posts\/5910\/revisions\/5915"}],"wp:featuredmedia":[{"embeddable":true,"href":"https:\/\/focotocantinense.com.br\/index.php?rest_route=\/wp\/v2\/media\/5911"}],"wp:attachment":[{"href":"https:\/\/focotocantinense.com.br\/index.php?rest_route=%2Fwp%2Fv2%2Fmedia&parent=5910"}],"wp:term":[{"taxonomy":"category","embeddable":true,"href":"https:\/\/focotocantinense.com.br\/index.php?rest_route=%2Fwp%2Fv2%2Fcategories&post=5910"},{"taxonomy":"post_tag","embeddable":true,"href":"https:\/\/focotocantinense.com.br\/index.php?rest_route=%2Fwp%2Fv2%2Ftags&post=5910"}],"curies":[{"name":"wp","href":"https:\/\/api.w.org\/{rel}","templated":true}]}}