{"id":5906,"date":"2023-09-12T20:09:53","date_gmt":"2023-09-12T23:09:53","guid":{"rendered":"https:\/\/focotocantinense.com.br\/?p=5906"},"modified":"2023-09-12T20:10:37","modified_gmt":"2023-09-12T23:10:37","slug":"prefeito-manoel-silvino-da-posse-ao-novo-secretario-de-meio-ambiente-e-saneamento-basico-de-tocantinia","status":"publish","type":"post","link":"https:\/\/focotocantinense.com.br\/?p=5906","title":{"rendered":"Prefeito Manoel Silvino d\u00e1 posse ao novo secret\u00e1rio de Meio Ambiente e Saneamento B\u00e1sico de Tocant\u00ednia"},"content":{"rendered":"\n<p>Na manh\u00e3 desta ter\u00e7a-feira (12), o prefeito de Tocant\u00ednia, Manoel Silvino Gomes Neto, acompanhado do vice-prefeito, &nbsp;Jo\u00e3o Alberto Coelho Machado, deu posse a Raul Rodrigues Nascimento, que passa a assumir a pasta da Secretaria Municipal de Meio Ambiente e Saneamento B\u00e1sico.<\/p>\n\n\n\n<p><strong>Trajet\u00f3ria<\/strong><\/p>\n\n\n\n<p>Raul Rodrigues foi secret\u00e1rio executivo do Gabinete do Prefeito e durante o momento de sua &nbsp;nomea\u00e7\u00e3o e posse, agradeceu ao prefeito Silvino pela confian\u00e7a depositado para os novos desafios \u00e0 frente da pasta.<\/p>\n\n\n\n<p>Tamb\u00e9m estiveram&nbsp; presentes ao acontecimento, o tio do novo secret\u00e1rio, o professor Jos\u00e9 Costa (Zequinha), e o filho do prefeito Pedro Ivo Maciel.<\/p>\n\n\n\n<p>Na cerim\u00f4nia de posse, o prefeito Silvino destacou a import\u00e2ncia da Secretaria de Meio Ambiente para o desenvolvimento do munic\u00edpio de Tocant\u00ednia. Tamb\u00e9m parabenizou o novo secret\u00e1rio, \u00a0desejando boa sorte nessa nova empreitada.<\/p>\n\n\n\n<figure class=\"wp-block-image size-large is-resized\"><img loading=\"lazy\" decoding=\"async\" src=\"https:\/\/focotocantinense.com.br\/wp-content\/uploads\/2023\/09\/AAA-1-1024x462.jpg\" alt=\"\" class=\"wp-image-5907\" style=\"width:408px;height:184px\" width=\"408\" height=\"184\" srcset=\"https:\/\/focotocantinense.com.br\/wp-content\/uploads\/2023\/09\/AAA-1-1024x462.jpg 1024w, https:\/\/focotocantinense.com.br\/wp-content\/uploads\/2023\/09\/AAA-1-300x135.jpg 300w, https:\/\/focotocantinense.com.br\/wp-content\/uploads\/2023\/09\/AAA-1-768x346.jpg 768w, https:\/\/focotocantinense.com.br\/wp-content\/uploads\/2023\/09\/AAA-1.jpg 1200w\" sizes=\"auto, (max-width: 408px) 100vw, 408px\" \/><\/figure>\n\n\n\n<p><\/p>\n\n\n\n<p><\/p>\n\n\n\n<figure class=\"wp-block-image\"><img decoding=\"async\" src=\"http:\/\/n1to.com.br\/img\/uploads\/VINI_146.jpg\" alt=\"\"\/><\/figure>\n","protected":false},"excerpt":{"rendered":"<p>Na manh\u00e3 desta ter\u00e7a-feira (12), o prefeito de Tocant\u00ednia, Manoel Silvino Gomes Neto, acompanhado do vice-prefeito, &nbsp;Jo\u00e3o Alberto Coelho Machado, deu posse a Raul Rodrigues Nascimento, que passa a assumir a pasta da Secretaria Municipal de Meio Ambiente e Saneamento B\u00e1sico. Trajet\u00f3ria Raul Rodrigues foi secret\u00e1rio executivo do Gabinete do Prefeito e durante o momento &hellip;<\/p>\n","protected":false},"author":5,"featured_media":5907,"comment_status":"open","ping_status":"open","sticky":false,"template":"","format":"standard","meta":{"footnotes":""},"categories":[78],"tags":[],"class_list":["post-5906","post","type-post","status-publish","format-standard","has-post-thumbnail","","category-tocantinia"],"_links":{"self":[{"href":"https:\/\/focotocantinense.com.br\/index.php?rest_route=\/wp\/v2\/posts\/5906","targetHints":{"allow":["GET"]}}],"collection":[{"href":"https:\/\/focotocantinense.com.br\/index.php?rest_route=\/wp\/v2\/posts"}],"about":[{"href":"https:\/\/focotocantinense.com.br\/index.php?rest_route=\/wp\/v2\/types\/post"}],"author":[{"embeddable":true,"href":"https:\/\/focotocantinense.com.br\/index.php?rest_route=\/wp\/v2\/users\/5"}],"replies":[{"embeddable":true,"href":"https:\/\/focotocantinense.com.br\/index.php?rest_route=%2Fwp%2Fv2%2Fcomments&post=5906"}],"version-history":[{"count":2,"href":"https:\/\/focotocantinense.com.br\/index.php?rest_route=\/wp\/v2\/posts\/5906\/revisions"}],"predecessor-version":[{"id":5909,"href":"https:\/\/focotocantinense.com.br\/index.php?rest_route=\/wp\/v2\/posts\/5906\/revisions\/5909"}],"wp:featuredmedia":[{"embeddable":true,"href":"https:\/\/focotocantinense.com.br\/index.php?rest_route=\/wp\/v2\/media\/5907"}],"wp:attachment":[{"href":"https:\/\/focotocantinense.com.br\/index.php?rest_route=%2Fwp%2Fv2%2Fmedia&parent=5906"}],"wp:term":[{"taxonomy":"category","embeddable":true,"href":"https:\/\/focotocantinense.com.br\/index.php?rest_route=%2Fwp%2Fv2%2Fcategories&post=5906"},{"taxonomy":"post_tag","embeddable":true,"href":"https:\/\/focotocantinense.com.br\/index.php?rest_route=%2Fwp%2Fv2%2Ftags&post=5906"}],"curies":[{"name":"wp","href":"https:\/\/api.w.org\/{rel}","templated":true}]}}